{"id":10282,"date":"2025-05-14T14:43:44","date_gmt":"2025-05-14T14:43:44","guid":{"rendered":"https:\/\/farmaciallueca.com\/farmacia-en-valencia\/?p=10282"},"modified":"2025-05-14T14:44:05","modified_gmt":"2025-05-14T14:44:05","slug":"estudio-de-la-piel-en-farmcias","status":"publish","type":"post","link":"https:\/\/farmaciallueca.com\/farmacia-en-valencia\/estudio-de-la-piel-en-farmcias\/","title":{"rendered":"Estudio de la piel en farmacias: descubre el estado de tu puel"},"content":{"rendered":"\n<p><\/p>\n\n\n\n<p>\u00bfSab\u00edas que la piel cambia con el tiempo y con los h\u00e1bitos diarios? Aunque creamos conocer nuestro tipo de piel, muchas veces desconocemos su estado actual. Por eso, realizar un <strong>estudio de la piel en farmacias<\/strong> especializadas es clave para entender sus necesidades reales y ofrecerle los cuidados m\u00e1s adecuados.<\/p>\n\n\n\n<p>En nuestra <strong>farmacia de Torrent<\/strong> llevamos a\u00f1os realizando este tipo de estudios y asesorando a cientos de personas. Hoy queremos contarte c\u00f3mo funciona el servicio, qu\u00e9 beneficios tiene y por qu\u00e9 puede marcar la diferencia en tu rutina de cuidado facial.<\/p>\n\n\n\n<h2 class=\"wp-block-heading\">\u00bfEn qu\u00e9 consiste el estudio de la piel en farmacias?<\/h2>\n\n\n\n<p>Un <strong>estudio de la piel en farmacias<\/strong> es un an\u00e1lisis facial profesional que eval\u00faa distintos par\u00e1metros cut\u00e1neos como la <strong>hidrataci\u00f3n, la elasticidad, la cantidad de sebo, la pigmentaci\u00f3n y el estado general del rostro<\/strong>. A trav\u00e9s de tecnolog\u00eda avanzada, sin necesidad de procedimientos invasivos, podemos obtener informaci\u00f3n muy precisa sobre c\u00f3mo est\u00e1 tu piel realmente.<\/p>\n\n\n\n<p>Este tipo de an\u00e1lisis no solo detecta tu tipo de piel (grasa, seca, mixta o sensible), sino que va mucho m\u00e1s all\u00e1, revelando desequilibrios, da\u00f1os solares, envejecimiento prematuro o problemas como acn\u00e9 o ros\u00e1cea.<\/p>\n\n\n\n<h2 class=\"wp-block-heading\">\u00bfC\u00f3mo realizamos el an\u00e1lisis de la piel?<\/h2>\n\n\n\n<p>En nuestra farmacia realizamos un <strong>estudio personalizado de la piel<\/strong> en el que combinamos experiencia, tecnolog\u00eda y atenci\u00f3n farmac\u00e9utica especializada. No necesitas cita previa, simplemente acude con el rostro limpio y seco.<\/p>\n\n\n\n<p>Una vez en la farmacia, nuestros profesionales llevar\u00e1n a cabo el an\u00e1lisis de tu piel utilizando un dispositivo espec\u00edfico para evaluar distintos indicadores. Hemos realizado <strong>decenas de estudios de la piel en nuestra farmacia en Torrent<\/strong>, por lo que sabemos interpretar los resultados con precisi\u00f3n y ofrecerte el mejor consejo.<\/p>\n\n\n\n<h3 class=\"wp-block-heading\">\u00bfQu\u00e9 informaci\u00f3n obtienes con el estudio?<\/h3>\n\n\n\n<p>A lo largo de los a\u00f1os, hemos comprobado que el <strong>an\u00e1lisis de la piel en farmacias<\/strong> ofrece resultados muy valiosos para quienes buscan cuidar su piel con productos realmente efectivos. Algunos de los datos que te aportar\u00e1 el estudio son:<\/p>\n\n\n\n<ul class=\"wp-block-list\">\n<li><strong>Nivel de hidrataci\u00f3n:<\/strong> Esencial para mantener una piel joven, luminosa y el\u00e1stica.<\/li>\n\n\n\n<li><strong>Cantidad de grasa (sebo):<\/strong> Para identificar si tu piel es seca, mixta o grasa y qu\u00e9 cosm\u00e9ticos te convienen.<\/li>\n\n\n\n<li><strong>Elasticidad cut\u00e1nea:<\/strong> Indicador clave del envejecimiento cut\u00e1neo.<\/li>\n\n\n\n<li><strong>Pigmentaci\u00f3n y manchas:<\/strong> Ideal para adaptar tu fotoprotecci\u00f3n y prevenir el da\u00f1o solar.<\/li>\n\n\n\n<li><strong>Textura y porosidad:<\/strong> Informaci\u00f3n \u00fatil para rutinas de limpieza o exfoliaci\u00f3n.<\/li>\n<\/ul>\n\n\n\n<p><\/p>\n\n\n\n<h3 class=\"wp-block-heading\">\u00bfPor qu\u00e9 confiar en nosotros para tu estudio de piel?<\/h3>\n\n\n\n<p>Llevamos a\u00f1os ofreciendo este servicio y hemos atendido a cientos de personas que buscaban mejorar su salud cut\u00e1nea. Gracias a nuestro enfoque experto y cercano, te ayudamos a interpretar los resultados y te damos un <strong>asesoramiento completamente personalizado<\/strong>.<\/p>\n\n\n\n<p>Nuestro objetivo no es vender por vender, sino <strong>entender tu piel y ofrecerte soluciones reales<\/strong>, ya sea con productos dermocosm\u00e9ticos o con recomendaciones sobre h\u00e1bitos saludables.<\/p>\n\n\n\n<h3 class=\"wp-block-heading\">\u00bfCada cu\u00e1nto tiempo es recomendable hacer un an\u00e1lisis de la piel?<\/h3>\n\n\n\n<p>Desde nuestra experiencia, recomendamos realizar un <strong>estudio de la piel en farmacias<\/strong> al menos <strong>una o dos veces al a\u00f1o<\/strong>, especialmente en los cambios de estaci\u00f3n, cuando la piel sufre m\u00e1s desequilibrios. Tambi\u00e9n es ideal hacerlo si notas que tus productos habituales ya no funcionan igual o si tienes alg\u00fan problema recurrente.<\/p>\n\n\n\n<p><\/p>\n\n\n\n<h3 class=\"wp-block-heading\">Ven a conocernos y haz tu estudio de la piel<\/h3>\n\n\n\n<p>Si vives en <strong>Torrent o alrededores<\/strong>, te invitamos a visitarnos y realizar tu <strong>estudio de la piel en nuestra farmacia<\/strong>. En solo unos minutos obtendr\u00e1s una visi\u00f3n completa del estado de tu piel y podr\u00e1s empezar a cuidarla de forma mucho m\u00e1s efectiva.<\/p>\n\n\n\n<p><strong>No necesitas cita previa.<\/strong><br><strong>Acude con el rostro limpio y seco.<\/strong><br><strong>Te llevas una recomendaci\u00f3n personalizada.<\/strong><\/p>\n\n\n\n<p><strong>\u00bfA qu\u00e9 esperas para conocer c\u00f3mo est\u00e1 realmente tu piel?<\/strong><br>Haz tu <strong>estudio de la piel en farmacia<\/strong> con profesionales que te escuchan, te entienden y te aconsejan de verdad.<\/p>\n\n\n\n<p><\/p>\n","protected":false},"excerpt":{"rendered":"<p>\u00bfSab\u00edas que la piel cambia con el tiempo y con los h\u00e1bitos diarios? Aunque creamos conocer nuestro tipo de piel, muchas veces desconocemos su estado actual. Por eso, realizar un estudio de la piel en farmacias especializadas es clave para entender sus necesidades reales y ofrecerle los cuidados m\u00e1s adecuados. En nuestra farmacia de Torrent [&hellip;]<\/p>\n","protected":false},"author":1,"featured_media":10283,"comment_status":"open","ping_status":"open","sticky":false,"template":"","format":"standard","meta":{"footnotes":""},"categories":[36,52],"tags":[],"class_list":["post-10282","post","type-post","status-publish","format-standard","has-post-thumbnail","hentry","category-cuidado-personal","category-cosmetica"],"featured_image_src":{"landsacpe":["https:\/\/farmaciallueca.com\/farmacia-en-valencia\/wp-content\/uploads\/2025\/05\/woman-with-melanoma-her-skin_11zon-1140x445.jpg",1140,445,true],"list":["https:\/\/farmaciallueca.com\/farmacia-en-valencia\/wp-content\/uploads\/2025\/05\/woman-with-melanoma-her-skin_11zon-463x348.jpg",463,348,true],"medium":["https:\/\/farmaciallueca.com\/farmacia-en-valencia\/wp-content\/uploads\/2025\/05\/woman-with-melanoma-her-skin_11zon-300x200.jpg",300,200,true],"full":["https:\/\/farmaciallueca.com\/farmacia-en-valencia\/wp-content\/uploads\/2025\/05\/woman-with-melanoma-her-skin_11zon.jpg",7990,5334,false]},"_links":{"self":[{"href":"https:\/\/farmaciallueca.com\/farmacia-en-valencia\/wp-json\/wp\/v2\/posts\/10282","targetHints":{"allow":["GET"]}}],"collection":[{"href":"https:\/\/farmaciallueca.com\/farmacia-en-valencia\/wp-json\/wp\/v2\/posts"}],"about":[{"href":"https:\/\/farmaciallueca.com\/farmacia-en-valencia\/wp-json\/wp\/v2\/types\/post"}],"author":[{"embeddable":true,"href":"https:\/\/farmaciallueca.com\/farmacia-en-valencia\/wp-json\/wp\/v2\/users\/1"}],"replies":[{"embeddable":true,"href":"https:\/\/farmaciallueca.com\/farmacia-en-valencia\/wp-json\/wp\/v2\/comments?post=10282"}],"version-history":[{"count":1,"href":"https:\/\/farmaciallueca.com\/farmacia-en-valencia\/wp-json\/wp\/v2\/posts\/10282\/revisions"}],"predecessor-version":[{"id":10284,"href":"https:\/\/farmaciallueca.com\/farmacia-en-valencia\/wp-json\/wp\/v2\/posts\/10282\/revisions\/10284"}],"wp:featuredmedia":[{"embeddable":true,"href":"https:\/\/farmaciallueca.com\/farmacia-en-valencia\/wp-json\/wp\/v2\/media\/10283"}],"wp:attachment":[{"href":"https:\/\/farmaciallueca.com\/farmacia-en-valencia\/wp-json\/wp\/v2\/media?parent=10282"}],"wp:term":[{"taxonomy":"category","embeddable":true,"href":"https:\/\/farmaciallueca.com\/farmacia-en-valencia\/wp-json\/wp\/v2\/categories?post=10282"},{"taxonomy":"post_tag","embeddable":true,"href":"https:\/\/farmaciallueca.com\/farmacia-en-valencia\/wp-json\/wp\/v2\/tags?post=10282"}],"curies":[{"name":"wp","href":"https:\/\/api.w.org\/{rel}","templated":true}]}}