{"id":3908,"date":"2022-01-31T10:11:27","date_gmt":"2022-01-31T10:11:27","guid":{"rendered":"https:\/\/farmaciallueca.com\/farmacia-en-valencia\/?p=3908"},"modified":"2022-11-11T10:07:32","modified_gmt":"2022-11-11T10:07:32","slug":"brulactiv-fort-nuevo-quemagrasas","status":"publish","type":"post","link":"https:\/\/farmaciallueca.com\/farmacia-en-valencia\/brulactiv-fort-nuevo-quemagrasas\/","title":{"rendered":"Br\u00fblactiv fort, nuevo quemagrasas"},"content":{"rendered":"\n<p>Con la entrada de a\u00f1o seguro que nos hemos propuesto bajar de peso o aumentar nuestra actividad f\u00edsica. Forte pharma nos ayuda con la formulaci\u00f3n de nuevos complementos que permitir\u00e1 conseguir nuestra meta de forma m\u00e1s r\u00e1pida y efectiva.<\/p>\n\n\n\n<p>Br\u00fblactiv&nbsp;fort, es un complemento alimenticio que contiene:<br>&#8211; El complejo Sinetrol, con polifenoles c\u00edtricos y de guaran\u00e1 que favorece la degradaci\u00f3n de las grasas y la p\u00e9rdida de peso conjuntamente a medidas diet\u00e9ticas<br>&#8211; Dimpless proveniente del extracto de mel\u00f3n (Cucumis melo L.), concentra la enzima super\u00f3xido dismutasa (SOD), mediante la tecnolog\u00eda de microencapsulaci\u00f3n patentada.<br>&#8211; La acci\u00f3n se complementa con el cromo, que contribuye al mantenimiento de una glucemia normal&nbsp;<\/p>\n\n\n\n<p>\u00bfC\u00f3mo se toma?<\/p>\n\n\n\n<p>Tomar 2 c\u00e1psulas al d\u00eda, 1 c\u00e1psula con el desayuno y 1 c\u00e1psula con la comida, con un gran vaso de agua (200 ml).<br><\/p>\n\n\n\n<p>Ahora todo Forte pharma con un 25% de descuento. Para cualquier duda p\u00e1sate por la farmacia para darte el mejor consejo personalizado.<\/p>\n","protected":false},"excerpt":{"rendered":"<p>Con la entrada de a\u00f1o seguro que nos hemos propuesto bajar de peso o aumentar nuestra actividad f\u00edsica. Forte pharma nos ayuda con la formulaci\u00f3n de nuevos complementos que permitir\u00e1 conseguir nuestra meta de forma m\u00e1s r\u00e1pida y efectiva. Br\u00fblactiv&nbsp;fort, es un complemento alimenticio que contiene:&#8211; El complejo Sinetrol, con polifenoles c\u00edtricos y de guaran\u00e1 [&hellip;]<\/p>\n","protected":false},"author":1,"featured_media":4007,"comment_status":"open","ping_status":"open","sticky":false,"template":"","format":"standard","meta":{"footnotes":""},"categories":[36],"tags":[],"class_list":["post-3908","post","type-post","status-publish","format-standard","has-post-thumbnail","hentry","category-cuidado-personal"],"featured_image_src":{"landsacpe":["https:\/\/farmaciallueca.com\/farmacia-en-valencia\/wp-content\/uploads\/2022\/01\/brulactiv.png",280,311,false],"list":["https:\/\/farmaciallueca.com\/farmacia-en-valencia\/wp-content\/uploads\/2022\/01\/brulactiv.png",280,311,false],"medium":["https:\/\/farmaciallueca.com\/farmacia-en-valencia\/wp-content\/uploads\/2022\/01\/brulactiv-270x300.png",270,300,true],"full":["https:\/\/farmaciallueca.com\/farmacia-en-valencia\/wp-content\/uploads\/2022\/01\/brulactiv.png",280,311,false]},"_links":{"self":[{"href":"https:\/\/farmaciallueca.com\/farmacia-en-valencia\/wp-json\/wp\/v2\/posts\/3908","targetHints":{"allow":["GET"]}}],"collection":[{"href":"https:\/\/farmaciallueca.com\/farmacia-en-valencia\/wp-json\/wp\/v2\/posts"}],"about":[{"href":"https:\/\/farmaciallueca.com\/farmacia-en-valencia\/wp-json\/wp\/v2\/types\/post"}],"author":[{"embeddable":true,"href":"https:\/\/farmaciallueca.com\/farmacia-en-valencia\/wp-json\/wp\/v2\/users\/1"}],"replies":[{"embeddable":true,"href":"https:\/\/farmaciallueca.com\/farmacia-en-valencia\/wp-json\/wp\/v2\/comments?post=3908"}],"version-history":[{"count":1,"href":"https:\/\/farmaciallueca.com\/farmacia-en-valencia\/wp-json\/wp\/v2\/posts\/3908\/revisions"}],"predecessor-version":[{"id":3910,"href":"https:\/\/farmaciallueca.com\/farmacia-en-valencia\/wp-json\/wp\/v2\/posts\/3908\/revisions\/3910"}],"wp:featuredmedia":[{"embeddable":true,"href":"https:\/\/farmaciallueca.com\/farmacia-en-valencia\/wp-json\/wp\/v2\/media\/4007"}],"wp:attachment":[{"href":"https:\/\/farmaciallueca.com\/farmacia-en-valencia\/wp-json\/wp\/v2\/media?parent=3908"}],"wp:term":[{"taxonomy":"category","embeddable":true,"href":"https:\/\/farmaciallueca.com\/farmacia-en-valencia\/wp-json\/wp\/v2\/categories?post=3908"},{"taxonomy":"post_tag","embeddable":true,"href":"https:\/\/farmaciallueca.com\/farmacia-en-valencia\/wp-json\/wp\/v2\/tags?post=3908"}],"curies":[{"name":"wp","href":"https:\/\/api.w.org\/{rel}","templated":true}]}}