{"id":4072,"date":"2021-05-26T11:11:00","date_gmt":"2021-05-26T11:11:00","guid":{"rendered":"https:\/\/farmaciallueca.com\/farmacia-en-valencia\/?p=4072"},"modified":"2022-11-11T11:12:04","modified_gmt":"2022-11-11T11:12:04","slug":"pies-secos-y-talones-agrietados-en-verano-por-que-ocurre","status":"publish","type":"post","link":"https:\/\/farmaciallueca.com\/farmacia-en-valencia\/pies-secos-y-talones-agrietados-en-verano-por-que-ocurre\/","title":{"rendered":"Pies secos y talones agrietados en verano, \u00bfPor qu\u00e9 ocurre?"},"content":{"rendered":"\n<p>La piel es una barrera que nos protege frente a microorganismos externos impidiendo su entrada. Por este motivo, es importante mantenerla hidratada y cuidada logrando as\u00ed que no pierda su continuidad y elasticidad.<\/p>\n\n\n\n<p>La piel del pie es diferente a la del resto del cuerpo. Se caracteriza por tener un mayor n\u00famero de c\u00e9lulas adiposas. Es decir, un mayor espesor para amortiguar el continuo roce al caminar llegando a ser 50 veces m\u00e1s gruesa que la de la zona de la mejilla de la cara. Adem\u00e1s, es pobre en sustancias grasas y, por este motivo, no cumple correctamente su funci\u00f3n \u00abhidratante\u00bb.<\/p>\n\n\n\n<p>Los talones agrietados son una alteraci\u00f3n de la dermis que se produce cuando la piel de los pies est\u00e1 tan seca y, por ende, tan dura, que se empieza a desgarrar o fracturar de manera perpendicular. Debido a esta falta de hidrataci\u00f3n, continuidad y elasticidad en la piel aparecen estas grietas que pueden venir acompa\u00f1adas de dolor y, en ocasiones, pueden incluso sangrar. La falta de hidrataci\u00f3n puede presentarse de diversas maneras, algunos de los s\u00edntomas que nos lo indican son los siguientes:<\/p>\n\n\n\n<p>\u2022 Descamaci\u00f3n<\/p>\n\n\n\n<p>\u2022 Picor<\/p>\n\n\n\n<p>\u2022 Enrojecimiento<\/p>\n\n\n\n<p>\u2022 Rugosidad y grietas, en los casos m\u00e1s extremos.<\/p>\n\n\n\n<p>La piel seca la podemos encontrar en cualquier parte de nuestro cuerpo, pero la piel del pie est\u00e1 m\u00e1s expuesta a sufrir sequedad debido a m\u00faltiples factores. Algunos de ellos son: Las enfermedades metab\u00f3licas, como la diabetes, pueden afectar al estado de la piel ya que disminuyen la humedad y provocan la deshidrataci\u00f3n. Esto sucede igual con pacientes que sufren problemas circulatorios, los cuales deber\u00e1n prestar m\u00e1s atenci\u00f3n al cuidado de sus pies puesto que son m\u00e1s propensos a sufrir alteraciones en esta zona.<\/p>\n\n\n\n<p>Andar descalzo y estar por encima del peso corporal adecuado hace que existan en el pie zonas de m\u00e1s presi\u00f3n. La irrigaci\u00f3n sangu\u00ednea es m\u00e1s deficiente en las zonas que tiene que soportar m\u00e1s carga y, por tanto, los nutrientes llegan con m\u00e1s dificultad a las capas superficiales de la piel pudiendo provocar su descamaci\u00f3n.<\/p>\n\n\n\n<p>La alimentaci\u00f3n es muy importante tanto para el correcto funcionamiento del organismo en general, como de cualquier parte del cuerpo en particular, en este caso los pies:<\/p>\n\n\n\n<p>&#8211; Alimentos con mayor \u00edndice de agua. En la \u00e9poca estival, debemos incluir en nuestra dieta alimentos con un mayor \u00edndice de agua y sales minerales que ayudan a reponer l\u00edquidos, mantener hidratado el organismo y, en consecuencia, favorece una piel saludable, incluida la de nuestros pies. Es aconsejable optar siempre por frutas y hortalizas de temporada (lechuga, zanahoria, tomate, pepino, sand\u00eda, mel\u00f3n, uvas, etc.).<\/p>\n\n\n\n<p>La piel de los pies est\u00e1 durante todo el invierno protegida por el calzado cerrado pero, en verano, sufre m\u00e1s por la exposici\u00f3n a los rayos solares y la radiaci\u00f3n ultravioleta lo que provoca p\u00e9rdida de hidrataci\u00f3n. Por ello, es aconsejable no alargar m\u00e1s de 30 minutos la exposici\u00f3n al sol y, por supuesto, utilizar tambi\u00e9n en los pies la crema solar que utilizamos para el resto del cuerpo no inferior a 50. Tambi\u00e9n es importante evitar las horas de mayor radiaci\u00f3n, entre las 12 y las 16 horas.<\/p>\n\n\n\n<p>As\u00ed que ya sab\u00e9is si teneis alg\u00fan tipo de duda, cuesti\u00f3n o dolencia en relaci\u00f3n con los talones agrietados, los pies secos o descamados, no dud\u00e9is en acudir a la Farmacia Encarna Llueca y estaremos encantados de ayudaros.<\/p>\n","protected":false},"excerpt":{"rendered":"<p>La piel es una barrera que nos protege frente a microorganismos externos impidiendo su entrada. Por este motivo, es importante mantenerla hidratada y cuidada logrando as\u00ed que no pierda su continuidad y elasticidad. La piel del pie es diferente a la del resto del cuerpo. Se caracteriza por tener un mayor n\u00famero de c\u00e9lulas adiposas. [&hellip;]<\/p>\n","protected":false},"author":1,"featured_media":4074,"comment_status":"open","ping_status":"open","sticky":false,"template":"","format":"standard","meta":{"footnotes":""},"categories":[36],"tags":[],"class_list":["post-4072","post","type-post","status-publish","format-standard","has-post-thumbnail","hentry","category-cuidado-personal"],"featured_image_src":{"landsacpe":["https:\/\/farmaciallueca.com\/farmacia-en-valencia\/wp-content\/uploads\/2022\/11\/pies_talones_1-1140x445.jpg",1140,445,true],"list":["https:\/\/farmaciallueca.com\/farmacia-en-valencia\/wp-content\/uploads\/2022\/11\/pies_talones_1-463x348.jpg",463,348,true],"medium":["https:\/\/farmaciallueca.com\/farmacia-en-valencia\/wp-content\/uploads\/2022\/11\/pies_talones_1-300x200.jpg",300,200,true],"full":["https:\/\/farmaciallueca.com\/farmacia-en-valencia\/wp-content\/uploads\/2022\/11\/pies_talones_1.jpg",1200,800,false]},"_links":{"self":[{"href":"https:\/\/farmaciallueca.com\/farmacia-en-valencia\/wp-json\/wp\/v2\/posts\/4072","targetHints":{"allow":["GET"]}}],"collection":[{"href":"https:\/\/farmaciallueca.com\/farmacia-en-valencia\/wp-json\/wp\/v2\/posts"}],"about":[{"href":"https:\/\/farmaciallueca.com\/farmacia-en-valencia\/wp-json\/wp\/v2\/types\/post"}],"author":[{"embeddable":true,"href":"https:\/\/farmaciallueca.com\/farmacia-en-valencia\/wp-json\/wp\/v2\/users\/1"}],"replies":[{"embeddable":true,"href":"https:\/\/farmaciallueca.com\/farmacia-en-valencia\/wp-json\/wp\/v2\/comments?post=4072"}],"version-history":[{"count":1,"href":"https:\/\/farmaciallueca.com\/farmacia-en-valencia\/wp-json\/wp\/v2\/posts\/4072\/revisions"}],"predecessor-version":[{"id":4075,"href":"https:\/\/farmaciallueca.com\/farmacia-en-valencia\/wp-json\/wp\/v2\/posts\/4072\/revisions\/4075"}],"wp:featuredmedia":[{"embeddable":true,"href":"https:\/\/farmaciallueca.com\/farmacia-en-valencia\/wp-json\/wp\/v2\/media\/4074"}],"wp:attachment":[{"href":"https:\/\/farmaciallueca.com\/farmacia-en-valencia\/wp-json\/wp\/v2\/media?parent=4072"}],"wp:term":[{"taxonomy":"category","embeddable":true,"href":"https:\/\/farmaciallueca.com\/farmacia-en-valencia\/wp-json\/wp\/v2\/categories?post=4072"},{"taxonomy":"post_tag","embeddable":true,"href":"https:\/\/farmaciallueca.com\/farmacia-en-valencia\/wp-json\/wp\/v2\/tags?post=4072"}],"curies":[{"name":"wp","href":"https:\/\/api.w.org\/{rel}","templated":true}]}}