{"id":4288,"date":"2022-11-25T09:06:56","date_gmt":"2022-11-25T09:06:56","guid":{"rendered":"https:\/\/farmaciallueca.com\/farmacia-en-valencia\/?p=4288"},"modified":"2022-11-25T09:06:58","modified_gmt":"2022-11-25T09:06:58","slug":"cuidado-de-la-piel-atopica-para-afrontar-el-invierno","status":"publish","type":"post","link":"https:\/\/farmaciallueca.com\/farmacia-en-valencia\/cuidado-de-la-piel-atopica-para-afrontar-el-invierno\/","title":{"rendered":"<strong>Cuidado de la piel at\u00f3pica para afrontar el invierno<\/strong>"},"content":{"rendered":"\n<p>Piel seca, picor constante, descamaci\u00f3n, sarpullidos o enrojecimiento son algunos de los s\u00edntomas m\u00e1s comunes de la <strong>dermatitis at\u00f3pica<\/strong>, tambi\u00e9n conocida como piel at\u00f3pica. Pueden sufrirla tanto beb\u00e9s como ni\u00f1os y adultos, aunque suele empezar en la infancia. En la mayor\u00eda de ni\u00f1os, suele desaparecer entre los 3 y 6 a\u00f1os. Sin embargo, en los adultos, se necesitar\u00e1 un tratamiento especial para mantener la piel libre de brotes o, al menos, reducir los s\u00edntomas.&nbsp;<\/p>\n\n\n\n<p>La piel at\u00f3pica suele tener una relaci\u00f3n con la sensibilidad al\u00e9rgica y la herencia gen\u00e9tica. Existen dos causas habituales. Por un lado, factores internos&nbsp;inmunol\u00f3gicos, que provocan un funcionamiento incorrecto de la piel. Por otro lado, factores externos&nbsp;no inmunol\u00f3gicos como el estr\u00e9s, la estaci\u00f3n del a\u00f1o o la contaminaci\u00f3n.<\/p>\n\n\n\n<p>La dermatitis at\u00f3pica evoluciona por brotes. Habr\u00e1 \u00e9pocas donde la piel est\u00e9 sana y libre de brotes mientras que en otras habr\u00e1 que prestar m\u00e1s atenci\u00f3n a la piel porque se aumentan las probabilidades de sufrir alg\u00fan brote. En verano, la piel est\u00e1 mejor gracias a la humedad y a la exposici\u00f3n solar. En cambio, en primavera y oto\u00f1o, la piel at\u00f3pica suele empeorar por los cambios bruscos de temperatura propios de estas \u00e9pocas. En invierno, debido al clima seco y fr\u00edo, suelen darse brotes espor\u00e1dicos.<\/p>\n\n\n\n<p>\u00bfQu\u00e9 puedes hacer para mantener la dermatitis at\u00f3pica bajo control? A continuaci\u00f3n, desde <a href=\"https:\/\/farmaciallueca.com\/farmacia-en-valencia\/\" target=\"_blank\" rel=\"noreferrer noopener\"><strong>Farmacia Llueca<\/strong><\/a> te damos unos consejos para mantener la piel sana y libre de brotes.\u00a0<\/p>\n\n\n\n<h2 class=\"wp-block-heading\"><strong>Cuidado de la piel at\u00f3pica&nbsp;<\/strong><\/h2>\n\n\n\n<ul class=\"wp-block-list\">\n<li><strong>Hidrataci\u00f3n<\/strong>. La piel debe estar bien hidratada. Para ello, utiliza una crema corporal especialmente indicada para piel at\u00f3pica. Con este gesto restaurar\u00e1s la barrera protectora de la piel y mejorar\u00e1s su resistencia.&nbsp;<\/li>\n\n\n\n<li><strong>Duchas<\/strong>. A la hora del ba\u00f1o, opta por duchas cortas y con agua templada. Evita el ba\u00f1o, as\u00ed como el agua caliente. Para secarse, evita frotar. Opta por tarde toques suaves. Al igual que se utilizan lociones para dermatitis at\u00f3pica, habr\u00e1 que hacer lo mismo con los productos de aseo. Deber\u00e1n estar indicados para la dermatitis at\u00f3pica.&nbsp;<\/li>\n\n\n\n<li><strong>Algod\u00f3n<\/strong>. Utiliza prendas ligeras y de algod\u00f3n. Evita vestir con lana o fibras sint\u00e9ticas. Lava la ropa con jab\u00f3n neutro,&nbsp;sin lej\u00eda ni suavizante.<\/li>\n\n\n\n<li><strong>Calefacci\u00f3n<\/strong>. En invierno, el uso de la calefacci\u00f3n, puede resecar el ambiente de casa y, por tanto, resecar la piel, lo que favorecer\u00e1 la aparici\u00f3n de brotes. Evita esta situaci\u00f3n usando un humidificador en casa. As\u00ed mantendr\u00e1 un nivel de humedad \u00f3ptimo para evitar la sequedad de la piel.&nbsp;<\/li>\n\n\n\n<li><strong>Alimentaci\u00f3n<\/strong>. Es fundamental cuidar la alimentaci\u00f3n. Apuesta por una dieta saludable, equilibrada y variada. Asimismo, deber\u00e1s <strong>evitar el estr\u00e9s<\/strong>. Busca actividades que te ayuden a relajarte.&nbsp;<\/li>\n<\/ul>\n\n\n\n<h2 class=\"wp-block-heading\"><strong>Cosm\u00e9ticos para piel at\u00f3pica en Farmacia Llueca<\/strong><\/h2>\n\n\n\n<p>Encuentra los mejores cosm\u00e9ticos para el cuidado y la protecci\u00f3n de la piel at\u00f3pica en Farmacia Llueca. Entra en nuestra <a href=\"https:\/\/farmaciallueca.com\/salud-e-higiene\/higiene-corporal.html\" target=\"_blank\" rel=\"noreferrer noopener\"><strong>secci\u00f3n higiene corporal<\/strong><\/a> y encuentra las mejores marcas cosm\u00e9ticas en dermatitis at\u00f3pica. Algunas opciones a destacar son:\u00a0<\/p>\n\n\n\n<p><a href=\"https:\/\/farmaciallueca.com\/nutratopic-pro-amp-gel-de-ba-o-piel-atopica-400.html\" target=\"_blank\" rel=\"noreferrer noopener\"><strong>Nutratopic PRO-AMP gel de ba\u00f1o<\/strong><\/a>. Higiene diaria para la piel at\u00f3pica. Ayuda a reforzar el sistema inmune innato de defensa de la piel. Limpia de forma suave evitando el picor y la agresi\u00f3n asociados a la higiene de la piel at\u00f3pica. Hidrata gracias a su muy alto contenido en aceites emolientes. Inhibe el riesgo de adhesi\u00f3n bacteriana gracias a su formulaci\u00f3n con Rhamnosoft. Mantiene el pH de la piel, factor clave en la prevenci\u00f3n de nuevos brotes.\u00a0<\/p>\n\n\n<div class=\"wp-block-image\">\n<figure class=\"aligncenter size-full is-resized\"><img fetchpriority=\"high\" decoding=\"async\" src=\"https:\/\/farmaciallueca.com\/farmacia-en-valencia\/wp-content\/uploads\/2022\/11\/image.png\" alt=\"Nutratopic pro-amp gel de ba\u00f1o piel atopica\" class=\"wp-image-4292\" width=\"300\" height=\"300\"\/><\/figure>\n<\/div>\n\n\n<p><a href=\"https:\/\/farmaciallueca.com\/leti-at-4-champu-250-ml.html\" target=\"_blank\" rel=\"noreferrer noopener\"><strong>Leti at4 champ\u00fa pieles atopicas o secas<\/strong><\/a>. F\u00f3rmula espec\u00edfica para la higiene diaria del cabello y cuero cabelludo con tendencia at\u00f3pica. Calma la irritaci\u00f3n a la vez que protege y calma el cuero cabelludo seco. Proporciona brillo al cabello. Adecuado para la higiene del beb\u00e9 (con o sin costra l\u00e1ctea), infantil y del adulto.<\/p>\n\n\n<div class=\"wp-block-image\">\n<figure class=\"aligncenter size-full is-resized\"><img decoding=\"async\" src=\"https:\/\/farmaciallueca.com\/farmacia-en-valencia\/wp-content\/uploads\/2022\/11\/image-1.png\" alt=\"Leti at4 champ\u00fa pieles atopicas o secas\" class=\"wp-image-4293\" width=\"300\" height=\"300\"\/><\/figure>\n<\/div>\n\n\n<p><a href=\"https:\/\/farmaciallueca.com\/mustela-stelatopia-crema-200-ml.html\" target=\"_blank\" rel=\"noreferrer noopener\"><strong>Mustela Stelatopia crema<\/strong><\/a>. Para la piel at\u00f3pica de beb\u00e9s y ni\u00f1os. Relipidizante antipicor que proporciona alivio eficaz a las pieles at\u00f3picas. Estimula naturalmente la producci\u00f3n de l\u00edpidos constituyentes de la barrera cut\u00e1nea protectora. La piel recupera su nutrici\u00f3n, su flexibilidad y suavidad. Alivia el picor y la sensaci\u00f3n de irritaci\u00f3n. Su utilizaci\u00f3n regular contribuye a reequilibrar la flora cut\u00e1nea.\u00a0\u00a0\u00a0<\/p>\n\n\n<div class=\"wp-block-image\">\n<figure class=\"aligncenter size-full is-resized\"><img decoding=\"async\" src=\"https:\/\/farmaciallueca.com\/farmacia-en-valencia\/wp-content\/uploads\/2022\/11\/image-2.png\" alt=\"Mustela stelatopia crema\" class=\"wp-image-4294\" width=\"300\" height=\"302\"\/><\/figure>\n<\/div>\n\n\n<p>\u00bfNecesitas ayuda para seleccionar los cosm\u00e9ticos para la dermatitis at\u00f3pica? \u00bfBuscas m\u00e1s informaci\u00f3n sobre la piel at\u00f3pica? <a href=\"https:\/\/farmaciallueca.com\/contact\"><strong>Contacta con nosotros<\/strong><\/a>.&nbsp;<\/p>\n","protected":false},"excerpt":{"rendered":"<p>Piel seca, picor constante, descamaci\u00f3n, sarpullidos o enrojecimiento son algunos de los s\u00edntomas m\u00e1s comunes de la dermatitis at\u00f3pica, tambi\u00e9n conocida como piel at\u00f3pica. Pueden sufrirla tanto beb\u00e9s como ni\u00f1os y adultos, aunque suele empezar en la infancia. En la mayor\u00eda de ni\u00f1os, suele desaparecer entre los 3 y 6 a\u00f1os. Sin embargo, en los [&hellip;]<\/p>\n","protected":false},"author":1,"featured_media":4290,"comment_status":"open","ping_status":"open","sticky":false,"template":"","format":"standard","meta":{"footnotes":""},"categories":[36],"tags":[51,50,49,48],"class_list":["post-4288","post","type-post","status-publish","format-standard","has-post-thumbnail","hentry","category-cuidado-personal","tag-cosmeticos-piel-atopica","tag-cuidado-piel-atopica","tag-dermatitis-atopica","tag-piel-atopica"],"featured_image_src":{"landsacpe":["https:\/\/farmaciallueca.com\/farmacia-en-valencia\/wp-content\/uploads\/2022\/11\/farmaciallueca-cuidado-piel-atopica-1125x445.jpeg",1125,445,true],"list":["https:\/\/farmaciallueca.com\/farmacia-en-valencia\/wp-content\/uploads\/2022\/11\/farmaciallueca-cuidado-piel-atopica-463x348.jpeg",463,348,true],"medium":["https:\/\/farmaciallueca.com\/farmacia-en-valencia\/wp-content\/uploads\/2022\/11\/farmaciallueca-cuidado-piel-atopica-300x200.jpeg",300,200,true],"full":["https:\/\/farmaciallueca.com\/farmacia-en-valencia\/wp-content\/uploads\/2022\/11\/farmaciallueca-cuidado-piel-atopica.jpeg",1125,750,false]},"_links":{"self":[{"href":"https:\/\/farmaciallueca.com\/farmacia-en-valencia\/wp-json\/wp\/v2\/posts\/4288","targetHints":{"allow":["GET"]}}],"collection":[{"href":"https:\/\/farmaciallueca.com\/farmacia-en-valencia\/wp-json\/wp\/v2\/posts"}],"about":[{"href":"https:\/\/farmaciallueca.com\/farmacia-en-valencia\/wp-json\/wp\/v2\/types\/post"}],"author":[{"embeddable":true,"href":"https:\/\/farmaciallueca.com\/farmacia-en-valencia\/wp-json\/wp\/v2\/users\/1"}],"replies":[{"embeddable":true,"href":"https:\/\/farmaciallueca.com\/farmacia-en-valencia\/wp-json\/wp\/v2\/comments?post=4288"}],"version-history":[{"count":2,"href":"https:\/\/farmaciallueca.com\/farmacia-en-valencia\/wp-json\/wp\/v2\/posts\/4288\/revisions"}],"predecessor-version":[{"id":4295,"href":"https:\/\/farmaciallueca.com\/farmacia-en-valencia\/wp-json\/wp\/v2\/posts\/4288\/revisions\/4295"}],"wp:featuredmedia":[{"embeddable":true,"href":"https:\/\/farmaciallueca.com\/farmacia-en-valencia\/wp-json\/wp\/v2\/media\/4290"}],"wp:attachment":[{"href":"https:\/\/farmaciallueca.com\/farmacia-en-valencia\/wp-json\/wp\/v2\/media?parent=4288"}],"wp:term":[{"taxonomy":"category","embeddable":true,"href":"https:\/\/farmaciallueca.com\/farmacia-en-valencia\/wp-json\/wp\/v2\/categories?post=4288"},{"taxonomy":"post_tag","embeddable":true,"href":"https:\/\/farmaciallueca.com\/farmacia-en-valencia\/wp-json\/wp\/v2\/tags?post=4288"}],"curies":[{"name":"wp","href":"https:\/\/api.w.org\/{rel}","templated":true}]}}