{"id":4686,"date":"2023-04-05T09:58:51","date_gmt":"2023-04-05T09:58:51","guid":{"rendered":"https:\/\/farmaciallueca.com\/farmacia-en-valencia\/?p=4686"},"modified":"2023-04-05T09:58:52","modified_gmt":"2023-04-05T09:58:52","slug":"fotoproteccion-oral-para-proteger-la-piel-del-sol-desde-el-interior","status":"publish","type":"post","link":"https:\/\/farmaciallueca.com\/farmacia-en-valencia\/fotoproteccion-oral-para-proteger-la-piel-del-sol-desde-el-interior\/","title":{"rendered":"Fotoprotecci\u00f3n oral para proteger la piel del sol desde el interior"},"content":{"rendered":"\n<p>El sol nos aporta numerosos beneficios para la salud. Eso s\u00ed, siempre que nos expongamos de una forma controlada y protegida. En otras palabras, siempre que salgas de casa deber\u00e1s aplicarte el protector solar, una aplicaci\u00f3n que deber\u00e1s renovar cada dos horas si est\u00e1s en la calle o tras ba\u00f1arte en la piscina o playa. Tambi\u00e9n es important\u00edsimo no exponerse a las horas de mayor intensidad solar y nunca deber\u00e1s exponerte m\u00e1s de 15 minutos al d\u00eda.&nbsp;<\/p>\n\n\n\n<p>Desde <a href=\"https:\/\/farmaciallueca.com\/farmacia-en-valencia\/\"><strong>Farmacia Llueca<\/strong><\/a> queremos recordar una vez m\u00e1s la importancia de usar el <strong>fotoprotector solar<\/strong> durante todo el a\u00f1o para mantener la piel correctamente protegida frente a la radiaci\u00f3n solar. A esta protecci\u00f3n debemos sumar la <strong>fotoprotecci\u00f3n oral<\/strong>, esencial durante estos meses previos al verano. Es el complemento perfecto a la protecci\u00f3n facial y corporal durante las \u00e9pocas de alto riesgo, en especial para quienes quieran reforzar su protecci\u00f3n o para las pieles extremadamente sensibles al sol (alergia solar, melasmas, fotodermatosis\u2026).&nbsp;<\/p>\n\n\n\n<p>La protecci\u00f3n solar oral tambi\u00e9n est\u00e1 recomendada para deportistas que hacen ejercicio f\u00edsico al aire libre. As\u00ed contrarrestan la p\u00e9rdida de protecci\u00f3n t\u00f3pica por la sudoraci\u00f3n o ba\u00f1os continuados. Asimismo, se recomienda la fotoprotecci\u00f3n oral a aquellas personas que trabajan en el exterior y, por tanto, est\u00e1n expuestos continuamente a la radiaci\u00f3n solar. Hablamos de repartidores, obreros, barrenderos, socorristas, camareros\u2026&nbsp;&nbsp;<\/p>\n\n\n\n<p><strong>\u00a1Ofrece a tu piel un cuidado integral frente al sol! <\/strong>Obt\u00e9n los beneficios de la fotoprotecci\u00f3n oral combin\u00e1ndola con la protecci\u00f3n t\u00f3pica.<strong>&nbsp;<\/strong><\/p>\n\n\n\n<h2 class=\"wp-block-heading\"><strong>Fotoprotecci\u00f3n oral: qu\u00e9 es y sus beneficios&nbsp;<\/strong><\/h2>\n\n\n\n<p>Una de las principales razones para sumarse a la fotoprotecci\u00f3n oral en primavera y en verano es porque <strong>ayuda a la piel a mejorar su tolerancia al sol<\/strong>. Ser\u00e1 nuestro gran aliado para preparar y proteger la piel desde el interior en \u00e9pocas donde se aumenta nuestra exposici\u00f3n solar, donde el sol tiene m\u00e1s fuerza.&nbsp;<\/p>\n\n\n\n<p>Por tanto, gracias a la fotoprotecci\u00f3n oral, se podr\u00e1n <strong>prevenir las quemaduras solares<\/strong>, as\u00ed como la aparici\u00f3n de las manchas cut\u00e1neas o el fotoenvejecimiento. Eso s\u00ed, recuerda que siempre deber\u00e1s complementar la protecci\u00f3n oral con la protecci\u00f3n t\u00f3pica. No salgas de casa sin haberte aplicado la crema solar.&nbsp;&nbsp;<\/p>\n\n\n\n<p>Otro beneficio de la protecci\u00f3n solar oral es que <strong>activa la barrera protectora de la piel<\/strong> gracias a su alta concentraci\u00f3n antioxidante. Previene la aparici\u00f3n del c\u00e1ncer de piel. Tambi\u00e9n <strong>protege del da\u00f1o oxidativo<\/strong> y activa los mecanismos de defensa internos contra los da\u00f1os solares. Asimismo, la fotoprotecci\u00f3n oral es capaz de proteger y reparar el da\u00f1o causado por las radiaciones. Por \u00faltimo, mejora la resistencia de la piel frente a los rayos solares y previene la deshidrataci\u00f3n.&nbsp;<\/p>\n\n\n\n<p>Y si todas estas razones te parecen pocas, decirte que la fotoprotecci\u00f3n oral te ayudar\u00e1 a lucir un <strong>bronceado m\u00e1s saludable y homog\u00e9neo<\/strong>.&nbsp;<\/p>\n\n\n\n<h2 class=\"wp-block-heading\"><strong>Consigue tu fotoprotecci\u00f3n oral en Farmacia Llueca&nbsp;<\/strong><\/h2>\n\n\n\n<p>Te recomendamos empezar a tomar este complemento al menos 30 d\u00edas antes de comenzar la exposici\u00f3n solar de forma prolongada, aunque podr\u00e1s empezar a tomarla desde ya para proteger tu piel de los primeros rayos solares de la primavera.&nbsp;<\/p>\n\n\n\n<p>Adem\u00e1s de tomar este complemento alimenticio, <strong>no olvides la aplicaci\u00f3n del fotoprotector facial y corporal<\/strong>. Deber\u00e1s escoger el que mejor se ajuste a tu tipo de piel y necesidad. Gracias a esta doble protecci\u00f3n, lograr\u00e1s proteger tu piel interna y externamente frente a la radiaci\u00f3n solar.&nbsp;<\/p>\n\n\n\n<p>La fotoprotecci\u00f3n oral llegar\u00e1 a aquellas zonas donde no podamos aplicarnos la crema solar como el cuero cabelludo, los ojos, las orejas\u2026&nbsp;<\/p>\n\n\n\n<p>\u00a1No esperes m\u00e1s! Consigue la mejor protecci\u00f3n solar para esta primavera-verano. <a href=\"https:\/\/farmaciallueca.com\/farmacia-en-valencia\/contactar-farmacia-llueca-46100\/\"><strong>Contacta con nosotros<\/strong><\/a> y te asesoraremos sobre qu\u00e9 fotoprotecci\u00f3n oral es la m\u00e1s adecuada para tu tipo de piel y necesidad. \u00a1Te esperamos!&nbsp;&nbsp;<\/p>\n","protected":false},"excerpt":{"rendered":"<p>El sol nos aporta numerosos beneficios para la salud. Eso s\u00ed, siempre que nos expongamos de una forma controlada y protegida. En otras palabras, siempre que salgas de casa deber\u00e1s aplicarte el protector solar, una aplicaci\u00f3n que deber\u00e1s renovar cada dos horas si est\u00e1s en la calle o tras ba\u00f1arte en la piscina o playa. [&hellip;]<\/p>\n","protected":false},"author":1,"featured_media":4689,"comment_status":"open","ping_status":"open","sticky":false,"template":"","format":"standard","meta":{"footnotes":""},"categories":[52,35],"tags":[117,118,119,121],"class_list":["post-4686","post","type-post","status-publish","format-standard","has-post-thumbnail","hentry","category-cosmetica","category-videos-farmacia","tag-fotoproteccion","tag-fotoproteccion-oral","tag-fotoprotector-via-oral","tag-nutricosmetica-solar"],"featured_image_src":{"landsacpe":["https:\/\/farmaciallueca.com\/farmacia-en-valencia\/wp-content\/uploads\/2023\/04\/farmaciallusar-fotoproteccion-solar-1125x445.jpeg",1125,445,true],"list":["https:\/\/farmaciallueca.com\/farmacia-en-valencia\/wp-content\/uploads\/2023\/04\/farmaciallusar-fotoproteccion-solar-463x348.jpeg",463,348,true],"medium":["https:\/\/farmaciallueca.com\/farmacia-en-valencia\/wp-content\/uploads\/2023\/04\/farmaciallusar-fotoproteccion-solar-300x200.jpeg",300,200,true],"full":["https:\/\/farmaciallueca.com\/farmacia-en-valencia\/wp-content\/uploads\/2023\/04\/farmaciallusar-fotoproteccion-solar.jpeg",1125,750,false]},"_links":{"self":[{"href":"https:\/\/farmaciallueca.com\/farmacia-en-valencia\/wp-json\/wp\/v2\/posts\/4686","targetHints":{"allow":["GET"]}}],"collection":[{"href":"https:\/\/farmaciallueca.com\/farmacia-en-valencia\/wp-json\/wp\/v2\/posts"}],"about":[{"href":"https:\/\/farmaciallueca.com\/farmacia-en-valencia\/wp-json\/wp\/v2\/types\/post"}],"author":[{"embeddable":true,"href":"https:\/\/farmaciallueca.com\/farmacia-en-valencia\/wp-json\/wp\/v2\/users\/1"}],"replies":[{"embeddable":true,"href":"https:\/\/farmaciallueca.com\/farmacia-en-valencia\/wp-json\/wp\/v2\/comments?post=4686"}],"version-history":[{"count":1,"href":"https:\/\/farmaciallueca.com\/farmacia-en-valencia\/wp-json\/wp\/v2\/posts\/4686\/revisions"}],"predecessor-version":[{"id":4690,"href":"https:\/\/farmaciallueca.com\/farmacia-en-valencia\/wp-json\/wp\/v2\/posts\/4686\/revisions\/4690"}],"wp:featuredmedia":[{"embeddable":true,"href":"https:\/\/farmaciallueca.com\/farmacia-en-valencia\/wp-json\/wp\/v2\/media\/4689"}],"wp:attachment":[{"href":"https:\/\/farmaciallueca.com\/farmacia-en-valencia\/wp-json\/wp\/v2\/media?parent=4686"}],"wp:term":[{"taxonomy":"category","embeddable":true,"href":"https:\/\/farmaciallueca.com\/farmacia-en-valencia\/wp-json\/wp\/v2\/categories?post=4686"},{"taxonomy":"post_tag","embeddable":true,"href":"https:\/\/farmaciallueca.com\/farmacia-en-valencia\/wp-json\/wp\/v2\/tags?post=4686"}],"curies":[{"name":"wp","href":"https:\/\/api.w.org\/{rel}","templated":true}]}}