{"id":4698,"date":"2023-04-21T10:23:05","date_gmt":"2023-04-21T10:23:05","guid":{"rendered":"https:\/\/farmaciallueca.com\/farmacia-en-valencia\/?p=4698"},"modified":"2023-04-24T10:26:50","modified_gmt":"2023-04-24T10:26:50","slug":"adios-a-la-celulitis-consejos-para-combatir-la-piel-de-naranja","status":"publish","type":"post","link":"https:\/\/farmaciallueca.com\/farmacia-en-valencia\/adios-a-la-celulitis-consejos-para-combatir-la-piel-de-naranja\/","title":{"rendered":"\u00a1Adi\u00f3s a la celulitis! Consejos para combatir la piel de naranja\u00a0"},"content":{"rendered":"\n<p><strong>\u00bfQuieres combatir la celulitis? \u00bfTe gustar\u00eda lucir una piel m\u00e1s lisa y firme?<\/strong> La celulitis es un problema est\u00e9tico que afecta a muchas personas. Se trata de la acumulaci\u00f3n de grasa, agua y toxinas en el tejido subcut\u00e1neo que provoca una apariencia irregular y abultada de la piel, conocida como \u00abpiel de naranja\u00bb.<\/p>\n\n\n\n<p>Algunos de los factores que favorecen la aparici\u00f3n de la celulitis son: gen\u00e9tica, sedentarismo, mala alimentaci\u00f3n, estr\u00e9s o cambios hormonales. Aunque no se trata de una condici\u00f3n grave para la salud, puede generar incomodidad e inseguridad en quienes la padecen.&nbsp;<\/p>\n\n\n\n<p>Para ayudarte a combatir y mejorar la celulitis, desde <a href=\"https:\/\/farmaciallueca.com\/farmacia-en-valencia\/\" target=\"_blank\" rel=\"noreferrer noopener\"><strong>Farmacia Llueca<\/strong><\/a> te vamos a compartir algunos consejos que puedes poner en pr\u00e1ctica desde hoy mismo para mejorar el aspecto de tu piel.\u00a0<\/p>\n\n\n\n<h2 class=\"wp-block-heading\"><strong>Consejos para combatir y mejorar la celulitis&nbsp;<\/strong><\/h2>\n\n\n\n<h3 class=\"wp-block-heading\"><strong>Cuida tu alimentaci\u00f3n<\/strong><\/h3>\n\n\n\n<p>Una dieta equilibrada y saludable es clave para prevenir y combatir la celulitis. Evita el consumo excesivo de grasas saturadas, az\u00facares refinados, sal y alimentos procesados ya que favorecen la retenci\u00f3n de l\u00edquidos y la inflamaci\u00f3n.&nbsp;<\/p>\n\n\n\n<p>En su lugar, te recomendamos apostar por una alimentaci\u00f3n saludable rica en fibra, antioxidantes, vitaminas y minerales. En tu dieta no pueden faltar las frutas, verduras, cereales integrales, legumbres, frutos secos y semillas.&nbsp;<\/p>\n\n\n\n<h3 class=\"wp-block-heading\"><strong>Hidr\u00e1tate bien<\/strong><\/h3>\n\n\n\n<p><strong>Adem\u00e1s de cuidar la alimentaci\u00f3n, deber\u00e1s mantener una correcta hidrataci\u00f3n. Beber agua es<\/strong> fundamental para eliminar las toxinas y los desechos que se acumulan en el organismo y que pueden favorecer la formaci\u00f3n de la celulitis. Tambi\u00e9n podr\u00e1s tomar infusiones y t\u00e9s con propiedades diur\u00e9ticas y antiinflamatorias como cola de cabello o t\u00e9 verde. Ayudan a eliminar los l\u00edquidos retenidos.&nbsp;<\/p>\n\n\n\n<h3 class=\"wp-block-heading\"><strong>Haz ejercicio regularmente<\/strong><\/h3>\n\n\n\n<p>Otro pilar fundamental para mantener bajo control la celulitis es el ejercicio f\u00edsico. El deporte ayuda a activar la circulaci\u00f3n sangu\u00ednea y linf\u00e1tica, a quemar el exceso de grasa y a tonificar los m\u00fasculos. Lo ideal es combinar ejercicios aer\u00f3bicos (caminar, correr, nadar, bailar\u2026) con ejercicios de fuerza y resistencia (pesas, sentadillas\u2026). Planifica tu rutina para sacar al menos tres d\u00edas a la semana para hacer ejercicio durante 30 minutos.&nbsp;<\/p>\n\n\n\n<h3 class=\"wp-block-heading\"><strong>Masajea las zonas afectadas<\/strong><\/h3>\n\n\n\n<p>Los masajes en las zonas afectadas contribuyen a mejorar el aspecto de la piel con celulitis. Ayudan a romper los n\u00f3dulos de grasa que se forman bajo la piel y a mejorar el drenaje linf\u00e1tico. Se puede usar o bien un cepillo de cerdas naturales o bien un rodillo anticelul\u00edtico. Para realizar correctamente el masaje, recuerda realizar movimientos circulares y ascendentes.&nbsp;<\/p>\n\n\n\n<h3 class=\"wp-block-heading\"><strong>Tratamientos anticelul\u00edticos en Farmacia Llueca&nbsp;<\/strong><\/h3>\n\n\n\n<p>\u00bfQuieres potenciar los efectos del masaje? \u00bfQuieres mejorar los resultados del deporte y la alimentaci\u00f3n para combatir la celulitis? En nuestra farmacia online tenemos los mejores tratamientos anticelul\u00edticos, perfectos para potenciar los efectos. \u00a1Mejorar\u00e1n el aspecto de la piel!<\/p>\n\n\n\n<p>Estos tratamientos se pueden encontrar en diferentes texturas o formatos desde lociones, cremas o geles hasta parches. Todos ellos contienen principios activos que act\u00faan sobre el tejido adiposo y favorecen la eliminaci\u00f3n de toxinas y l\u00edquidos.<\/p>\n\n\n\n<p>Si est\u00e1s buscando un tratamiento anticelul\u00edtico, <a href=\"https:\/\/farmaciallueca.com\/farmacia-en-valencia\/contactar-farmacia-llueca-46100\/\" target=\"_blank\" rel=\"noreferrer noopener\"><strong>contacta con nosotros<\/strong><\/a>. Estaremos encantados de ayudarte a escoger el cosm\u00e9tico que mejor se ajuste a tu tipo de celulitis. <strong>\u00a1Te esperamos!<\/strong>\u00a0<\/p>\n","protected":false},"excerpt":{"rendered":"<p>\u00bfQuieres combatir la celulitis? \u00bfTe gustar\u00eda lucir una piel m\u00e1s lisa y firme? La celulitis es un problema est\u00e9tico que afecta a muchas personas. Se trata de la acumulaci\u00f3n de grasa, agua y toxinas en el tejido subcut\u00e1neo que provoca una apariencia irregular y abultada de la piel, conocida como \u00abpiel de naranja\u00bb. Algunos de [&hellip;]<\/p>\n","protected":false},"author":1,"featured_media":4701,"comment_status":"open","ping_status":"open","sticky":false,"template":"","format":"standard","meta":{"footnotes":""},"categories":[52,36],"tags":[126,127,125,128,129],"class_list":["post-4698","post","type-post","status-publish","format-standard","has-post-thumbnail","hentry","category-cosmetica","category-cuidado-personal","tag-celulitis","tag-combatir-celulitis","tag-farmacia-online","tag-tratamientos-anticeluliticos","tag-tratamientos-anticeluliticos-en-farmacia"],"featured_image_src":{"landsacpe":["https:\/\/farmaciallueca.com\/farmacia-en-valencia\/wp-content\/uploads\/2023\/04\/farmaciallueca-tratamientos-anticeluliticos-1125x445.jpeg",1125,445,true],"list":["https:\/\/farmaciallueca.com\/farmacia-en-valencia\/wp-content\/uploads\/2023\/04\/farmaciallueca-tratamientos-anticeluliticos-463x348.jpeg",463,348,true],"medium":["https:\/\/farmaciallueca.com\/farmacia-en-valencia\/wp-content\/uploads\/2023\/04\/farmaciallueca-tratamientos-anticeluliticos-300x200.jpeg",300,200,true],"full":["https:\/\/farmaciallueca.com\/farmacia-en-valencia\/wp-content\/uploads\/2023\/04\/farmaciallueca-tratamientos-anticeluliticos.jpeg",1125,750,false]},"_links":{"self":[{"href":"https:\/\/farmaciallueca.com\/farmacia-en-valencia\/wp-json\/wp\/v2\/posts\/4698","targetHints":{"allow":["GET"]}}],"collection":[{"href":"https:\/\/farmaciallueca.com\/farmacia-en-valencia\/wp-json\/wp\/v2\/posts"}],"about":[{"href":"https:\/\/farmaciallueca.com\/farmacia-en-valencia\/wp-json\/wp\/v2\/types\/post"}],"author":[{"embeddable":true,"href":"https:\/\/farmaciallueca.com\/farmacia-en-valencia\/wp-json\/wp\/v2\/users\/1"}],"replies":[{"embeddable":true,"href":"https:\/\/farmaciallueca.com\/farmacia-en-valencia\/wp-json\/wp\/v2\/comments?post=4698"}],"version-history":[{"count":1,"href":"https:\/\/farmaciallueca.com\/farmacia-en-valencia\/wp-json\/wp\/v2\/posts\/4698\/revisions"}],"predecessor-version":[{"id":4702,"href":"https:\/\/farmaciallueca.com\/farmacia-en-valencia\/wp-json\/wp\/v2\/posts\/4698\/revisions\/4702"}],"wp:featuredmedia":[{"embeddable":true,"href":"https:\/\/farmaciallueca.com\/farmacia-en-valencia\/wp-json\/wp\/v2\/media\/4701"}],"wp:attachment":[{"href":"https:\/\/farmaciallueca.com\/farmacia-en-valencia\/wp-json\/wp\/v2\/media?parent=4698"}],"wp:term":[{"taxonomy":"category","embeddable":true,"href":"https:\/\/farmaciallueca.com\/farmacia-en-valencia\/wp-json\/wp\/v2\/categories?post=4698"},{"taxonomy":"post_tag","embeddable":true,"href":"https:\/\/farmaciallueca.com\/farmacia-en-valencia\/wp-json\/wp\/v2\/tags?post=4698"}],"curies":[{"name":"wp","href":"https:\/\/api.w.org\/{rel}","templated":true}]}}