{"id":5768,"date":"2024-01-18T07:02:35","date_gmt":"2024-01-18T07:02:35","guid":{"rendered":"https:\/\/farmaciallueca.com\/farmacia-en-valencia\/?p=5768"},"modified":"2024-01-18T07:04:01","modified_gmt":"2024-01-18T07:04:01","slug":"como-tratar-la-dermatitis-atopica-en-invierno","status":"publish","type":"post","link":"https:\/\/farmaciallueca.com\/farmacia-en-valencia\/como-tratar-la-dermatitis-atopica-en-invierno\/","title":{"rendered":"\u00bfC\u00f3mo tratar la dermatitis at\u00f3pica en invierno?"},"content":{"rendered":"\n<p>La <strong>dermatitis at\u00f3pica<\/strong> es una enfermedad inflamatoria cr\u00f3nica de la piel que puede empeorar durante los meses de invierno debido al clima fr\u00edo y seco. No solo puede reaparecer, sino que, adem\u00e1s, los s\u00edntomas pueden agravarse. Esto ocurre porque las bajas temperaturas hacen que el cuerpo reduzca la producci\u00f3n de la grasa protectora de la piel, lo que acent\u00faa la deshidrataci\u00f3n de las pieles at\u00f3picas. Por tanto, estar\u00e1n m\u00e1s vulnerables a sufrir brotes (picores intensos, sequedad, aparici\u00f3n de eczemas\u2026).<\/p>\n\n\n\n<p>Convivir con esta afecci\u00f3n de la piel puede ser dif\u00edcil y molesto, pero existen una serie de medidas que se pueden realizar para mantener la dermatitis bajo control durante los meses de invierno. \u00bfQuieres saber c\u00f3mo cuidar tu piel at\u00f3pica para mantenerla sana y libre de brotes? Desde <strong><a href=\"https:\/\/farmaciallueca.com\/farmacia-en-valencia\/\">Farmacia Llueca<\/a><\/strong> te damos las claves de c\u00f3mo cuidar la dermatitis at\u00f3pica en invierno.<\/p>\n\n\n\n<h2 class=\"wp-block-heading\"><strong>Consejos para el cuidado de la dermatitis at\u00f3pica en invierno<\/strong><\/h2>\n\n\n\n<ul class=\"wp-block-list\">\n<li><strong>Hidrataci\u00f3n. <\/strong>Mantener la piel bien hidratada es esencial para las personas que padecen dermatitis at\u00f3pica, especialmente en invierno. Se recomienda el uso de cremas o ung\u00fcentos emolientes que ayudan a retener la humedad en la piel. Aplicar la crema hidratante varias veces al d\u00eda, especialmente despu\u00e9s de ducharse o ba\u00f1arse, puede ayudar a prevenir la sequedad y la picaz\u00f3n.<\/li>\n\n\n\n<li><strong>Duchas. <\/strong>Tomar duchas con agua tibia en lugar de agua caliente puede ayudar a evitar que la piel se reseque demasiado. El agua caliente tiende a eliminar los aceites naturales de la piel, lo que puede empeorar la dermatitis at\u00f3pica. Adem\u00e1s, es importante limitar el tiempo en la ducha para no exponer la piel al agua durante demasiado tiempo<strong>.<\/strong><\/li>\n\n\n\n<li><strong>No frotar la piel. <\/strong>Tras ducharte, evita frotar la piel con la toalla para secarte. En su lugar, deber\u00e1s hacerlo suavemente y a toquecitos.<\/li>\n\n\n\n<li><strong>Ropa. <\/strong>Durante el invierno, es fundamental elegir la ropa adecuada para proteger la piel. Optar por telas suaves y transpirables como el algod\u00f3n puede ayudar a reducir la irritaci\u00f3n y la fricci\u00f3n en la piel. Adem\u00e1s, vestirse en capas puede ser beneficioso, ya que permite ajustar la temperatura corporal seg\u00fan las condiciones cambiantes.<\/li>\n\n\n\n<li><strong>Cuidado con los ambientes secos. <\/strong>La calefacci\u00f3n tiende a resecar el ambiente, lo que puede agravar los s\u00edntomas de la dermatitis at\u00f3pica. Utilizar un humidificador en casa puede ayudar a mantener la humedad en el aire, lo que a su vez puede beneficiar la piel.<\/li>\n<\/ul>\n\n\n\n<h3 class=\"wp-block-heading\"><strong>Consultar a un dermat\u00f3logo<\/strong><\/h3>\n\n\n\n<p>En caso de dermatitis at\u00f3pica severa o si los s\u00edntomas empeoran durante el invierno, es fundamental acudir al dermat\u00f3logo quien se encargar\u00e1 de mandar un tratamiento personalizado que se adapte a las necesidades individuales de cada persona.<\/p>\n\n\n\n<p>Si est\u00e1s buscando cosm\u00e9ticos y productos de aseo para el cuidado de la piel at\u00f3pica, <strong><a href=\"https:\/\/farmaciallueca.com\/farmacia-en-valencia\/contactar-farmacia-llueca-46100\/\">contacta con nosotros<\/a><\/strong>. Estaremos encantados de asesorarte sobre las mejores opciones disponibles en nuestra farmacia. \u00a1Te esperamos!<\/p>\n","protected":false},"excerpt":{"rendered":"<p>La dermatitis at\u00f3pica es una enfermedad inflamatoria cr\u00f3nica de la piel que puede empeorar durante los meses de invierno debido al clima fr\u00edo y seco. No solo puede reaparecer, sino que, adem\u00e1s, los s\u00edntomas pueden agravarse. Esto ocurre porque las bajas temperaturas hacen que el cuerpo reduzca la producci\u00f3n de la grasa protectora de la [&hellip;]<\/p>\n","protected":false},"author":1,"featured_media":5771,"comment_status":"open","ping_status":"open","sticky":false,"template":"","format":"standard","meta":{"footnotes":""},"categories":[52],"tags":[269,49,271,48,270],"class_list":["post-5768","post","type-post","status-publish","format-standard","has-post-thumbnail","hentry","category-cosmetica","tag-cosmeticos-dermatitis-atopica","tag-dermatitis-atopica","tag-invierno","tag-piel-atopica","tag-productos-aseos-dermatitis-atopica"],"featured_image_src":{"landsacpe":["https:\/\/farmaciallueca.com\/farmacia-en-valencia\/wp-content\/uploads\/2024\/01\/farmaciallueca-dermatitis-atopica-1140x445.jpg",1140,445,true],"list":["https:\/\/farmaciallueca.com\/farmacia-en-valencia\/wp-content\/uploads\/2024\/01\/farmaciallueca-dermatitis-atopica-463x348.jpg",463,348,true],"medium":["https:\/\/farmaciallueca.com\/farmacia-en-valencia\/wp-content\/uploads\/2024\/01\/farmaciallueca-dermatitis-atopica-300x200.jpg",300,200,true],"full":["https:\/\/farmaciallueca.com\/farmacia-en-valencia\/wp-content\/uploads\/2024\/01\/farmaciallueca-dermatitis-atopica-scaled.jpg",2560,1707,false]},"_links":{"self":[{"href":"https:\/\/farmaciallueca.com\/farmacia-en-valencia\/wp-json\/wp\/v2\/posts\/5768","targetHints":{"allow":["GET"]}}],"collection":[{"href":"https:\/\/farmaciallueca.com\/farmacia-en-valencia\/wp-json\/wp\/v2\/posts"}],"about":[{"href":"https:\/\/farmaciallueca.com\/farmacia-en-valencia\/wp-json\/wp\/v2\/types\/post"}],"author":[{"embeddable":true,"href":"https:\/\/farmaciallueca.com\/farmacia-en-valencia\/wp-json\/wp\/v2\/users\/1"}],"replies":[{"embeddable":true,"href":"https:\/\/farmaciallueca.com\/farmacia-en-valencia\/wp-json\/wp\/v2\/comments?post=5768"}],"version-history":[{"count":2,"href":"https:\/\/farmaciallueca.com\/farmacia-en-valencia\/wp-json\/wp\/v2\/posts\/5768\/revisions"}],"predecessor-version":[{"id":5773,"href":"https:\/\/farmaciallueca.com\/farmacia-en-valencia\/wp-json\/wp\/v2\/posts\/5768\/revisions\/5773"}],"wp:featuredmedia":[{"embeddable":true,"href":"https:\/\/farmaciallueca.com\/farmacia-en-valencia\/wp-json\/wp\/v2\/media\/5771"}],"wp:attachment":[{"href":"https:\/\/farmaciallueca.com\/farmacia-en-valencia\/wp-json\/wp\/v2\/media?parent=5768"}],"wp:term":[{"taxonomy":"category","embeddable":true,"href":"https:\/\/farmaciallueca.com\/farmacia-en-valencia\/wp-json\/wp\/v2\/categories?post=5768"},{"taxonomy":"post_tag","embeddable":true,"href":"https:\/\/farmaciallueca.com\/farmacia-en-valencia\/wp-json\/wp\/v2\/tags?post=5768"}],"curies":[{"name":"wp","href":"https:\/\/api.w.org\/{rel}","templated":true}]}}