{"id":6262,"date":"2024-04-03T06:00:00","date_gmt":"2024-04-03T06:00:00","guid":{"rendered":"https:\/\/farmaciallueca.com\/farmacia-en-valencia\/?p=6262"},"modified":"2024-04-02T13:35:07","modified_gmt":"2024-04-02T13:35:07","slug":"gingivitis-que-es-sintomas-y-cuidado-bucal","status":"publish","type":"post","link":"https:\/\/farmaciallueca.com\/farmacia-en-valencia\/gingivitis-que-es-sintomas-y-cuidado-bucal\/","title":{"rendered":"Gingivitis: qu\u00e9 es, s\u00edntomas y cuidado bucal"},"content":{"rendered":"\n<p>La <strong>gingivitis<\/strong> es una enfermedad com\u00fan de las enc\u00edas que puede afectar a personas de todas las edades. Se trata de una inflamaci\u00f3n de las enc\u00edas causada principalmente por la <strong>acumulaci\u00f3n de placa bacteriana<\/strong> alrededor de los dientes. Si no se trata, puede evolucionar a una enfermedad m\u00e1s grave llamada <strong>periodontitis<\/strong>.<\/p>\n\n\n\n<p>Esta afecci\u00f3n puede provocar enrojecimiento, hinchaz\u00f3n, sensibilidad y sangrado de las enc\u00edas. Otros s\u00edntomas de la gingivitis son mal aliento persistente, recesi\u00f3n de las enc\u00edas y sensibilidad dental. En caso de tener estos s\u00edntomas, es importante acudir al dentista y seguir las indicaciones dadas para combatir la gingivitis.<\/p>\n\n\n\n<p>Para prevenir la gingivitis y mantener unas enc\u00edas sanas, es fundamental <strong>mantener una buena higiene bucal<\/strong>. Esto incluye cepillarse los dientes al menos dos veces al d\u00eda con un cepillo de cerdas suaves, usar hilo dental diariamente para eliminar la comida que queda entre los dientes y terminar con el enjuague bucal. \u00a1No descuides la salud de tus enc\u00edas!<\/p>\n\n\n\n<h2 class=\"wp-block-heading\"><strong>Cuidado bucal para la gingivitis<\/strong><\/h2>\n\n\n\n<p>En <strong><a href=\"https:\/\/farmaciallueca.com\/\" target=\"_blank\" rel=\"noreferrer noopener\">Farmacia Llueca<\/a><\/strong> tenemos a la venta online los mejores tratamientos para mantener tus enc\u00edas sanas.<\/p>\n\n\n\n<p>Uno de los tratamientos coadyuvante es <strong><a href=\"https:\/\/farmaciallueca.com\/bexident-encias-gel-gingival-50-ml.html\" target=\"_blank\" rel=\"noreferrer noopener\">Bexident Enc\u00edas gel t\u00f3pico gingival<\/a><\/strong>, con potente eficacia antimicrobiana (por su contenido en clorhexidina). Ayuda a reducir la inflamaci\u00f3n calmando las enc\u00edas da\u00f1adas por su formulaci\u00f3n con dexpantenol y alanto\u00edna. Adem\u00e1s, controla la placa bacteriana gracias a la acci\u00f3n antiadhesiva de lutrol evitando as\u00ed la fijaci\u00f3n de nuevas bacterias causantes de la infecci\u00f3n.<\/p>\n\n\n\n<p>Si lo que buscas es un dent\u00edfrico, puedes elegir <strong><a href=\"https:\/\/farmaciallueca.com\/parodontax-sin-fluor-crema-75-ml.html\" target=\"_blank\" rel=\"noreferrer noopener\">Parodontax\u00ae Original pasta dental sin fl\u00faor<\/a><\/strong>, especialmente dise\u00f1ado para eliminar f\u00edsicamente la placa bacteriana, causa de los problemas de enc\u00edas. Combate de forma efectiva el sangrado de las enc\u00edas debido a enfermedades de tipo gingival y\/o periodontal y sensibilidad dental.<\/p>\n\n\n\n<p>Y en caso de colutorio, puedes optar por <strong><a href=\"https:\/\/farmaciallueca.com\/gingi-lacer-colutorio-200-ml.html\" target=\"_blank\" rel=\"noreferrer noopener\">Gingi Lacer Enc\u00edas Delicadas<\/a><\/strong> que previene el sangrado gingival causado por enc\u00edas delicadas y gingivitis. Adem\u00e1s, ayuda a reducir la inflamaci\u00f3n gingival y protege las enc\u00edas. Con acci\u00f3n antiplaca dental que inhibe la actividad bacteriana de forma prolongada reduciendo la formaci\u00f3n y adhesi\u00f3n de la placa dental.<\/p>\n\n\n\n<p>Estos son algunos de los tratamientos disponibles en nuestra farmacia online para la gingivitis. Para m\u00e1s informaci\u00f3n o si necesitas ayuda para encontrar tus productos de higiene bucal, <strong><a href=\"https:\/\/farmaciallueca.com\/farmacia-en-valencia\/contactar-farmacia-llueca-46100\/\" target=\"_blank\" rel=\"noreferrer noopener\">contacta con nosotros<\/a><\/strong>. \u00a1Mant\u00e9n tus enc\u00edas sanas y una sonrisa radiante!<\/p>\n","protected":false},"excerpt":{"rendered":"<p>La gingivitis es una enfermedad com\u00fan de las enc\u00edas que puede afectar a personas de todas las edades. Se trata de una inflamaci\u00f3n de las enc\u00edas causada principalmente por la acumulaci\u00f3n de placa bacteriana alrededor de los dientes. Si no se trata, puede evolucionar a una enfermedad m\u00e1s grave llamada periodontitis. Esta afecci\u00f3n puede provocar [&hellip;]<\/p>\n","protected":false},"author":1,"featured_media":6265,"comment_status":"open","ping_status":"open","sticky":false,"template":"","format":"standard","meta":{"footnotes":""},"categories":[36],"tags":[249,306,305,307],"class_list":["post-6262","post","type-post","status-publish","format-standard","has-post-thumbnail","hentry","category-cuidado-personal","tag-cuidado-bucal","tag-encias-sanas","tag-gingivitis","tag-tratamientos-gingivitis"],"featured_image_src":{"landsacpe":["https:\/\/farmaciallueca.com\/farmacia-en-valencia\/wp-content\/uploads\/2024\/04\/farmaciallueca-gingivitis-1140x445.jpg",1140,445,true],"list":["https:\/\/farmaciallueca.com\/farmacia-en-valencia\/wp-content\/uploads\/2024\/04\/farmaciallueca-gingivitis-463x348.jpg",463,348,true],"medium":["https:\/\/farmaciallueca.com\/farmacia-en-valencia\/wp-content\/uploads\/2024\/04\/farmaciallueca-gingivitis-300x200.jpg",300,200,true],"full":["https:\/\/farmaciallueca.com\/farmacia-en-valencia\/wp-content\/uploads\/2024\/04\/farmaciallueca-gingivitis-scaled.jpg",2560,1707,false]},"_links":{"self":[{"href":"https:\/\/farmaciallueca.com\/farmacia-en-valencia\/wp-json\/wp\/v2\/posts\/6262","targetHints":{"allow":["GET"]}}],"collection":[{"href":"https:\/\/farmaciallueca.com\/farmacia-en-valencia\/wp-json\/wp\/v2\/posts"}],"about":[{"href":"https:\/\/farmaciallueca.com\/farmacia-en-valencia\/wp-json\/wp\/v2\/types\/post"}],"author":[{"embeddable":true,"href":"https:\/\/farmaciallueca.com\/farmacia-en-valencia\/wp-json\/wp\/v2\/users\/1"}],"replies":[{"embeddable":true,"href":"https:\/\/farmaciallueca.com\/farmacia-en-valencia\/wp-json\/wp\/v2\/comments?post=6262"}],"version-history":[{"count":2,"href":"https:\/\/farmaciallueca.com\/farmacia-en-valencia\/wp-json\/wp\/v2\/posts\/6262\/revisions"}],"predecessor-version":[{"id":6267,"href":"https:\/\/farmaciallueca.com\/farmacia-en-valencia\/wp-json\/wp\/v2\/posts\/6262\/revisions\/6267"}],"wp:featuredmedia":[{"embeddable":true,"href":"https:\/\/farmaciallueca.com\/farmacia-en-valencia\/wp-json\/wp\/v2\/media\/6265"}],"wp:attachment":[{"href":"https:\/\/farmaciallueca.com\/farmacia-en-valencia\/wp-json\/wp\/v2\/media?parent=6262"}],"wp:term":[{"taxonomy":"category","embeddable":true,"href":"https:\/\/farmaciallueca.com\/farmacia-en-valencia\/wp-json\/wp\/v2\/categories?post=6262"},{"taxonomy":"post_tag","embeddable":true,"href":"https:\/\/farmaciallueca.com\/farmacia-en-valencia\/wp-json\/wp\/v2\/tags?post=6262"}],"curies":[{"name":"wp","href":"https:\/\/api.w.org\/{rel}","templated":true}]}}