{"id":6930,"date":"2024-08-01T06:00:00","date_gmt":"2024-08-01T06:00:00","guid":{"rendered":"https:\/\/farmaciallueca.com\/farmacia-en-valencia\/?p=6930"},"modified":"2024-07-19T07:53:13","modified_gmt":"2024-07-19T07:53:13","slug":"capsulas-de-fotoproteccion-oral-heliocare","status":"publish","type":"post","link":"https:\/\/farmaciallueca.com\/farmacia-en-valencia\/capsulas-de-fotoproteccion-oral-heliocare\/","title":{"rendered":"C\u00e1psulas de fotoprotecci\u00f3n oral Heliocare"},"content":{"rendered":"\n<p>Las c\u00e1psulas de fotoprotecci\u00f3n oral de Heliocare son una excelente opci\u00f3n para aquellos que desean proteger su piel desde el interior y mantenerla sana frente a los efectos da\u00f1inos del sol. En combinaci\u00f3n a la fotoprotecci\u00f3n t\u00f3pica, aportan una protecci\u00f3n homog\u00e9nea y uniforme llegando a zonas donde no podemos aplicar crema como cuero cabelludo, ojos, orejas\u2026<\/p>\n\n\n\n<p><strong>\u00bfQu\u00e9 beneficios tienen estas c\u00e1psulas de fotoprotecci\u00f3n oral? <\/strong>En primer lugar, protegen la piel contra los da\u00f1os causados por la exposici\u00f3n al sol. Adem\u00e1s, mejoran la resistencia de la piel. Gracias a su <strong>formulaci\u00f3n con Fernblock\u00ae<\/strong>, estas c\u00e1psulas ayudan a fortalecer la piel y hacerla m\u00e1s resistente a los efectos nocivos de los rayos solares. Tambi\u00e9n previenen el <strong>fotoenvejecimiento<\/strong>, contribuyen a prevenir el envejecimiento prematuro de la piel causado por la radiaci\u00f3n solar. \u00a1Descubre todos los beneficios de la fotoprotecci\u00f3n oral de Heliocare para tener tu piel sana y bonita!<\/p>\n\n\n\n<p>Heliocare cuenta con una amplia gama de fotoprotecci\u00f3n oral. Desde <strong><a href=\"https:\/\/farmaciallueca.com\/farmacia-en-valencia\/\">Farmacia Llueca<\/a><\/strong> te contamos las principales caracter\u00edsticas de todas sus c\u00e1psulas solares. As\u00ed sabr\u00e1s cu\u00e1l es la m\u00e1s indicada para ti.<\/p>\n\n\n\n<h2 class=\"wp-block-heading\"><strong>Gama fotoprotecci\u00f3n oral Heliocare<\/strong><\/h2>\n\n\n\n<ul class=\"wp-block-list\">\n<li><strong>HELIOCARE 360\u00ba D Plus C\u00e1psulas. <\/strong>Fotoprotecci\u00f3n oral con vitamina D para periodos de exposici\u00f3n intensa, pieles muy claras, sensibles o al\u00e9rgicas al sol.<\/li>\n\n\n\n<li><strong>HELIOCARE 360\u00ba C\u00e1psulas. <\/strong>Fotoprotecci\u00f3n desde el interior que protege contra el fotoenvejecimiento y la prevenci\u00f3n de manchas.<\/li>\n\n\n\n<li><strong>HELIOCARE 360\u00ba SPORTSUN C\u00e1psulas. <\/strong>Fotoprotecci\u00f3n oral para un plus de protecci\u00f3n frente a la radiaci\u00f3n solar cuando se pr\u00e1ctica deporte.Adem\u00e1s, contiene vitaminas y minerales como el Magnesio que contribuye al funcionamiento normal de los m\u00fasculos y a disminuir el cansancio y la fatiga o vitamina D para el mantenimiento de los huesos en condiciones normales, entre otros.<\/li>\n\n\n\n<li><strong>HELIOCARE Ultra C\u00e1psulas Ultra D. <\/strong>Estas c\u00e1psulas de fotoprotecci\u00f3n aumentan la resistencia de la piel al sol, neutralizan y reparan el da\u00f1o solar. Su f\u00f3rmula completa incluye vitaminas D, C y E, as\u00ed como lute\u00edna y licopeno.<\/li>\n\n\n\n<li><strong>HELIOCARE Advanced. <\/strong>Ayuda a mejorar la resistencia de la piel al da\u00f1o solar desde la primera toma. Aceleran el bronceado, gracias a su contenido en betacarotenos.<\/li>\n<\/ul>\n\n\n\n<p><strong>\u00bfQu\u00e9 fotoprotecci\u00f3n oral de Heliocare vas a elegir? <\/strong>Si necesitas m\u00e1s informaci\u00f3n o asesoramiento sobre qu\u00e9 c\u00e1psulas de protecci\u00f3n oral son las m\u00e1s adecuadas para ti, <strong><a href=\"https:\/\/farmaciallueca.com\/farmacia-en-valencia\/contactar-farmacia-llueca-46100\/\">contacta con nosotros<\/a><\/strong>.<\/p>\n","protected":false},"excerpt":{"rendered":"<p>Las c\u00e1psulas de fotoprotecci\u00f3n oral de Heliocare son una excelente opci\u00f3n para aquellos que desean proteger su piel desde el interior y mantenerla sana frente a los efectos da\u00f1inos del sol. En combinaci\u00f3n a la fotoprotecci\u00f3n t\u00f3pica, aportan una protecci\u00f3n homog\u00e9nea y uniforme llegando a zonas donde no podemos aplicar crema como cuero cabelludo, ojos, [&hellip;]<\/p>\n","protected":false},"author":1,"featured_media":6933,"comment_status":"open","ping_status":"open","sticky":false,"template":"","format":"standard","meta":{"footnotes":""},"categories":[36,35],"tags":[118,359,358,121],"class_list":["post-6930","post","type-post","status-publish","format-standard","has-post-thumbnail","hentry","category-cuidado-personal","category-videos-farmacia","tag-fotoproteccion-oral","tag-fotoproteccion-oral-heliocare","tag-heliocare","tag-nutricosmetica-solar"],"featured_image_src":{"landsacpe":["https:\/\/farmaciallueca.com\/farmacia-en-valencia\/wp-content\/uploads\/2024\/07\/farmaciallueca-heliocare-fotoproteccion-1140x445.jpg",1140,445,true],"list":["https:\/\/farmaciallueca.com\/farmacia-en-valencia\/wp-content\/uploads\/2024\/07\/farmaciallueca-heliocare-fotoproteccion-463x348.jpg",463,348,true],"medium":["https:\/\/farmaciallueca.com\/farmacia-en-valencia\/wp-content\/uploads\/2024\/07\/farmaciallueca-heliocare-fotoproteccion-300x200.jpg",300,200,true],"full":["https:\/\/farmaciallueca.com\/farmacia-en-valencia\/wp-content\/uploads\/2024\/07\/farmaciallueca-heliocare-fotoproteccion.jpg",1280,853,false]},"_links":{"self":[{"href":"https:\/\/farmaciallueca.com\/farmacia-en-valencia\/wp-json\/wp\/v2\/posts\/6930","targetHints":{"allow":["GET"]}}],"collection":[{"href":"https:\/\/farmaciallueca.com\/farmacia-en-valencia\/wp-json\/wp\/v2\/posts"}],"about":[{"href":"https:\/\/farmaciallueca.com\/farmacia-en-valencia\/wp-json\/wp\/v2\/types\/post"}],"author":[{"embeddable":true,"href":"https:\/\/farmaciallueca.com\/farmacia-en-valencia\/wp-json\/wp\/v2\/users\/1"}],"replies":[{"embeddable":true,"href":"https:\/\/farmaciallueca.com\/farmacia-en-valencia\/wp-json\/wp\/v2\/comments?post=6930"}],"version-history":[{"count":2,"href":"https:\/\/farmaciallueca.com\/farmacia-en-valencia\/wp-json\/wp\/v2\/posts\/6930\/revisions"}],"predecessor-version":[{"id":6936,"href":"https:\/\/farmaciallueca.com\/farmacia-en-valencia\/wp-json\/wp\/v2\/posts\/6930\/revisions\/6936"}],"wp:featuredmedia":[{"embeddable":true,"href":"https:\/\/farmaciallueca.com\/farmacia-en-valencia\/wp-json\/wp\/v2\/media\/6933"}],"wp:attachment":[{"href":"https:\/\/farmaciallueca.com\/farmacia-en-valencia\/wp-json\/wp\/v2\/media?parent=6930"}],"wp:term":[{"taxonomy":"category","embeddable":true,"href":"https:\/\/farmaciallueca.com\/farmacia-en-valencia\/wp-json\/wp\/v2\/categories?post=6930"},{"taxonomy":"post_tag","embeddable":true,"href":"https:\/\/farmaciallueca.com\/farmacia-en-valencia\/wp-json\/wp\/v2\/tags?post=6930"}],"curies":[{"name":"wp","href":"https:\/\/api.w.org\/{rel}","templated":true}]}}