{"id":6960,"date":"2024-08-08T06:00:00","date_gmt":"2024-08-08T06:00:00","guid":{"rendered":"https:\/\/farmaciallueca.com\/farmacia-en-valencia\/?p=6960"},"modified":"2024-07-23T11:26:34","modified_gmt":"2024-07-23T11:26:34","slug":"como-tratar-las-manchas-en-verano-con-vinoperfect","status":"publish","type":"post","link":"https:\/\/farmaciallueca.com\/farmacia-en-valencia\/como-tratar-las-manchas-en-verano-con-vinoperfect\/","title":{"rendered":"\u00bfC\u00f3mo tratar las manchas en verano con Vinoperfect?"},"content":{"rendered":"\n<p><strong>\u00bfEst\u00e1s buscando un tratamiento para combatir las manchas cut\u00e1neas en verano? <\/strong>A menudo, estas manchas pueden ser motivo de preocupaci\u00f3n est\u00e9tica y pueden variar en tama\u00f1o, forma y color.<\/p>\n\n\n\n<p>Una de las causas m\u00e1s comunes de las manchas cut\u00e1neas es la <strong>exposici\u00f3n excesiva al sol<\/strong>. Los rayos ultravioleta pueden da\u00f1ar la piel y provocar la producci\u00f3n excesiva de melanina, el pigmento que le da color a la piel. Esto puede resultar en la formaci\u00f3n de manchas oscuras, como pecas o lentigos solares.<\/p>\n\n\n\n<p>El <strong>envejecimiento<\/strong> es otro factor importante que puede contribuir a la formaci\u00f3n de manchas cut\u00e1neas. A medida que la piel envejece, la producci\u00f3n de col\u00e1geno disminuye y la piel se vuelve m\u00e1s propensa a desarrollar hiperpigmentaci\u00f3n y manchas oscuras.<\/p>\n\n\n\n<p>Los <strong>cambios hormonales<\/strong> (por ejemplo, durante el embarazo) pueden desencadenar la producci\u00f3n de melanina y causar la aparici\u00f3n de manchas cut\u00e1neas como el melasma. La <strong>predisposici\u00f3n gen\u00e9tica<\/strong> tambi\u00e9n puede desempe\u00f1ar un papel en la formaci\u00f3n de manchas cut\u00e1neas. Por \u00faltimo, <strong>algunos medicamentos<\/strong> pueden aumentar la sensibilidad de la piel al sol y contribuir a la formaci\u00f3n de manchas cut\u00e1neas.<\/p>\n\n\n\n<p>Uno de los tratamientos antimanchas perfecto para usar en verano es Vinoperfect de Caudalie, una l\u00ednea no fotosensible. \u00a1Disponible en <strong><a href=\"https:\/\/farmaciallueca.com\/farmacia-en-valencia\/\">Farmacia Llueca<\/a><\/strong>!<\/p>\n\n\n\n<h2 class=\"wp-block-heading\"><strong>L\u00ednea antimanchas Vinoperfect de Caudalie<\/strong><\/h2>\n\n\n\n<p>Vinoperfect de Caudalie es una l\u00ednea no fotosensible especialmente indicada para tratar las manchas cut\u00e1neas cuyo objetivo es conseguir un tono uniforme y luminoso en la piel. Por tanto, se puede usar en verano. Vinoperfect cuenta con una variedad de productos formulados para atenuar manchas oscuras y prevenir su reaparici\u00f3n, esta l\u00ednea se ha convertido en una gran opci\u00f3n para quienes buscan mejorar la apariencia de su piel.<\/p>\n\n\n\n<p>Uno de los cosm\u00e9ticos que podemos encontrar dentro de esta l\u00ednea es <strong>Vinoperfect S\u00e9rum Resplandor Antimanchas<\/strong>. Formulado con un 98% de ingredientes de origen natural, este s\u00e9rum corrige las manchas, previene su aparici\u00f3n y proporciona luminosidad al cutis. Act\u00faa sobre todo tipo de manchas (solares, acn\u00e9, embarazo, edad).<\/p>\n\n\n\n<p>Tambi\u00e9n podemos encontrar <strong>Vinoperfect Crema Resplandor Antimanchas<\/strong>, indicada para todas las mujeres que deseen prevenir y atenuar las manchas de pigmentaci\u00f3n cualquiera que sea su causa (sol, edad, acn\u00e9, embarazo).<\/p>\n\n\n\n<p>Para completar el tratamiento antimanchas, se deber\u00e1 incluir <strong>Vinoperfect Crema Noche Glic\u00f3lica Antimanchas<\/strong>. Corrige las manchas y act\u00faa como un peeling suave durante toda la noche. Al despertar se tendr\u00e1 una piel fresca y luminosa. Las manchas oscuras se reducen, la piel se alisa y el cutis se unifica.<\/p>\n\n\n\n<p>Para m\u00e1s informaci\u00f3n sobre c\u00f3mo tratar las manchas cut\u00e1neas con la l\u00ednea no fotosensible Vinoperfect de Caudalie,<strong> <a href=\"https:\/\/farmaciallueca.com\/farmacia-en-valencia\/contactar-farmacia-llueca-46100\/\">contacta con nosotros<\/a>.<\/strong><\/p>\n","protected":false},"excerpt":{"rendered":"<p>\u00bfEst\u00e1s buscando un tratamiento para combatir las manchas cut\u00e1neas en verano? A menudo, estas manchas pueden ser motivo de preocupaci\u00f3n est\u00e9tica y pueden variar en tama\u00f1o, forma y color. Una de las causas m\u00e1s comunes de las manchas cut\u00e1neas es la exposici\u00f3n excesiva al sol. Los rayos ultravioleta pueden da\u00f1ar la piel y provocar la [&hellip;]<\/p>\n","protected":false},"author":1,"featured_media":6963,"comment_status":"open","ping_status":"open","sticky":false,"template":"","format":"standard","meta":{"footnotes":""},"categories":[35],"tags":[287,294,362,360,361],"class_list":["post-6960","post","type-post","status-publish","format-standard","has-post-thumbnail","hentry","category-videos-farmacia","tag-antimanchas","tag-caudalie","tag-tratamiento-antimanchas","tag-vinoperfect","tag-vinoperfect-de-caudalie"],"featured_image_src":{"landsacpe":["https:\/\/farmaciallueca.com\/farmacia-en-valencia\/wp-content\/uploads\/2024\/07\/farmaciallueca-tratamiento-antimanchas-vinoperfect-1140x445.jpg",1140,445,true],"list":["https:\/\/farmaciallueca.com\/farmacia-en-valencia\/wp-content\/uploads\/2024\/07\/farmaciallueca-tratamiento-antimanchas-vinoperfect-463x348.jpg",463,348,true],"medium":["https:\/\/farmaciallueca.com\/farmacia-en-valencia\/wp-content\/uploads\/2024\/07\/farmaciallueca-tratamiento-antimanchas-vinoperfect-300x200.jpg",300,200,true],"full":["https:\/\/farmaciallueca.com\/farmacia-en-valencia\/wp-content\/uploads\/2024\/07\/farmaciallueca-tratamiento-antimanchas-vinoperfect.jpg",1280,853,false]},"_links":{"self":[{"href":"https:\/\/farmaciallueca.com\/farmacia-en-valencia\/wp-json\/wp\/v2\/posts\/6960","targetHints":{"allow":["GET"]}}],"collection":[{"href":"https:\/\/farmaciallueca.com\/farmacia-en-valencia\/wp-json\/wp\/v2\/posts"}],"about":[{"href":"https:\/\/farmaciallueca.com\/farmacia-en-valencia\/wp-json\/wp\/v2\/types\/post"}],"author":[{"embeddable":true,"href":"https:\/\/farmaciallueca.com\/farmacia-en-valencia\/wp-json\/wp\/v2\/users\/1"}],"replies":[{"embeddable":true,"href":"https:\/\/farmaciallueca.com\/farmacia-en-valencia\/wp-json\/wp\/v2\/comments?post=6960"}],"version-history":[{"count":1,"href":"https:\/\/farmaciallueca.com\/farmacia-en-valencia\/wp-json\/wp\/v2\/posts\/6960\/revisions"}],"predecessor-version":[{"id":6964,"href":"https:\/\/farmaciallueca.com\/farmacia-en-valencia\/wp-json\/wp\/v2\/posts\/6960\/revisions\/6964"}],"wp:featuredmedia":[{"embeddable":true,"href":"https:\/\/farmaciallueca.com\/farmacia-en-valencia\/wp-json\/wp\/v2\/media\/6963"}],"wp:attachment":[{"href":"https:\/\/farmaciallueca.com\/farmacia-en-valencia\/wp-json\/wp\/v2\/media?parent=6960"}],"wp:term":[{"taxonomy":"category","embeddable":true,"href":"https:\/\/farmaciallueca.com\/farmacia-en-valencia\/wp-json\/wp\/v2\/categories?post=6960"},{"taxonomy":"post_tag","embeddable":true,"href":"https:\/\/farmaciallueca.com\/farmacia-en-valencia\/wp-json\/wp\/v2\/tags?post=6960"}],"curies":[{"name":"wp","href":"https:\/\/api.w.org\/{rel}","templated":true}]}}