{"id":7279,"date":"2024-09-26T06:00:00","date_gmt":"2024-09-26T06:00:00","guid":{"rendered":"https:\/\/farmaciallueca.com\/farmacia-en-valencia\/?p=7279"},"modified":"2024-09-16T14:53:57","modified_gmt":"2024-09-16T14:53:57","slug":"tratamientos-para-frenar-la-caida-capilar-estacional","status":"publish","type":"post","link":"https:\/\/farmaciallueca.com\/farmacia-en-valencia\/tratamientos-para-frenar-la-caida-capilar-estacional\/","title":{"rendered":"Tratamientos para frenar la ca\u00edda capilar estacional"},"content":{"rendered":"\n<p><strong>\u00a1Atr\u00e1s qued\u00f3 el verano!<\/strong> La llegada del oto\u00f1o trae cambios significativos como la bajada de las temperaturas y la disminuci\u00f3n de horas de luz. Otro efecto del cambio de estaci\u00f3n es la ca\u00edda capilar. De hecho, es posible que est\u00e9s notando una <strong>ca\u00edda m\u00e1s acentuada de tu cabello<\/strong>. En principio, no debemos temer nada ya que el pelo ca\u00eddo ser\u00e1 sustituido por uno nuevo.<\/p>\n\n\n\n<p>Existen varios factores que favorecen esta ca\u00edda capilar estacional. Uno de ellos es la <strong>exposici\u00f3n solar<\/strong>. Venimos de meses de intensa exposici\u00f3n en la piscina y en la playa, lo que ha podido da\u00f1ar y debilitar el cabello. Tambi\u00e9n <strong>el<\/strong> <strong>agua del mar (salitre) y el cloro<\/strong> han contribuido al deterioro del pelo. Y, finalmente, la combinaci\u00f3n de temperaturas m\u00e1s bajas junto a la sequedad en el aire puede afectar la hidrataci\u00f3n del cabello.<\/p>\n\n\n\n<p>Frente a esta situaci\u00f3n \u00bfqu\u00e9 podemos hacer? \u00bfc\u00f3mo podemos combatir la ca\u00edda capilar en oto\u00f1o? Desde <a href=\"https:\/\/farmaciallueca.com\/farmacia-en-valencia\/\"><strong>Farmacia Llueca<\/strong><\/a> te recomendamos, en primer lugar, cuidar la alimentaci\u00f3n. Deber\u00e1s llevar una <strong>dieta saludable y equilibrada <\/strong>para obtener todos los nutrientes necesarios para la salud de tu cabello.<\/p>\n\n\n\n<h2 class=\"wp-block-heading\"><strong>Complementos nutricionales para la ca\u00edda capilar<\/strong><\/h2>\n\n\n\n<p>Asimismo, en nuestra farmacia encontrar\u00e1s los mejores complementos alimenticios para la ca\u00edda capilar. Algunas de las mejores opciones son:<\/p>\n\n\n\n<ul class=\"wp-block-list\">\n<li><a href=\"https:\/\/farmaciallueca.com\/complidermol-5-alfa-plus-60-capsulas.html\"><strong>Complidermol 5 alfa plus 60 c\u00e1psulas<\/strong><\/a>. Aporta nutrientes y vitaminas que frenan la ca\u00edda del cabello, estimula su crecimiento y fortalece la ra\u00edz. Recomendado para la ca\u00edda del cabello tanto masculina como femenina. Adem\u00e1s, recuperas la salud de las u\u00f1as aport\u00e1ndole dureza y vigor.\u00a0<\/li>\n\n\n\n<li><a href=\"https:\/\/farmaciallueca.com\/iraltone-forte-cabello-y-u-as-60-capsulas.html\"><strong>IRALTONE Forte c\u00e1psulas<\/strong><\/a>. Formulado para la ca\u00edda capilar aguda y como fortalecedor del cabello y las u\u00f1as. Gracias a su aporte en L-Cistina, glutati\u00f3n, vitaminas B5 y B6, cobre y zinc, favorece el mantenimiento del cabello y u\u00f1as. La vitamina B6 participa en la s\u00edntesis de ciste\u00edna, amino\u00e1cido constituyente de la queratina del pelo y u\u00f1as. Est\u00e1 indicado para la ca\u00edda capilar aguda o estacional.<\/li>\n<\/ul>\n\n\n\n<p>Adem\u00e1s, tenemos a la venta <strong>champ\u00fas, lociones, ampollas y sprays antica\u00edda<\/strong>. Una de las opciones disponibles es <a href=\"https:\/\/farmaciallueca.com\/vichy-dercos-mujer-aminexil-clinical5-21amp.html\"><strong>DERCOS Aminexil Clinical5 &#8211; Mujer<\/strong><\/a><strong> <\/strong>que combina Aminexil con 5 ingredientes activos para una eficacia antica\u00edda, cl\u00ednicamente probada bajo control dermatol\u00f3gico. Indicado para mujeres donde la ca\u00edda capilar est\u00e1 influenciada por factores como el estr\u00e9s, la fatiga, los cambios estacionales y los cambios internos.<\/p>\n\n\n\n<p>Para m\u00e1s informaci\u00f3n sobre los tratamientos antica\u00edda, <a href=\"https:\/\/farmaciallueca.com\/farmacia-en-valencia\/contactar-farmacia-llueca-46100\/\"><strong>contacta con nosotros<\/strong><\/a>. Estaremos encantados de resolver todas tus dudas, as\u00ed como a ayudarte a encontrar el producto que mejor se ajuste a tu necesidad.<\/p>\n\n\n\n<h2 class=\"wp-block-heading\"><strong>Otras medidas para cuidar tu cabello en oto\u00f1o<\/strong><\/h2>\n\n\n\n<ul class=\"wp-block-list\">\n<li><strong>Masajes capilares. <\/strong>Te recomendamos realizar masajes capilares para mejorar la circulaci\u00f3n sangu\u00ednea, mejorando as\u00ed el crecimiento del pelo. Aprovecha cuando te laves el pelo para realizarte un masaje de dos a tres minutos.<\/li>\n\n\n\n<li><strong>Di s\u00ed al cepillado<\/strong>. Favorece la microcirculaci\u00f3n y la oxigenaci\u00f3n estimulando los fol\u00edculos capilares. Cep\u00edllate antes de acostarte y antes de lavarte el pelo (es m\u00e1s fr\u00e1gil cuando est\u00e1 mojado).<\/li>\n\n\n\n<li><strong>Lavar el pelo con agua templada. <\/strong>El agua caliente reseca el cuero cabelludo y debilita las ra\u00edces.Tambi\u00e9n es importante <strong>limitar el uso de fuentes de calor<\/strong> como las planchas y los secadores de pelo ya que da\u00f1an mucho el cabello.En caso de utilizar estas herramientas de secado, recuerda aplicar antes un protector t\u00e9rmico en el pelo.<\/li>\n\n\n\n<li><strong>Huye del estr\u00e9s<\/strong>. Existe una relaci\u00f3n entre ca\u00edda capilar y estr\u00e9s. Pr\u00e1ctica actividades que te ayuden a relajarte como yoga o meditaci\u00f3n.<\/li>\n\n\n\n<li><strong>Evita los recogidos tirantes<\/strong>. Si llevas mo\u00f1os, coletas o trenzas tirantes de forma ocasional y puntual, no pasa nada. Pero si lo haces diariamente, el cabello acabar\u00e1 debilit\u00e1ndose y cay\u00e9ndose.<\/li>\n<\/ul>\n\n\n\n<p><strong>\u00a1Cuida tu melena este oto\u00f1o para que luzca radiante y sana! <\/strong>Y recuerda, si est\u00e1s buscando tratamientos antica\u00edda, est\u00e1s en el lugar adecuado. \u00a1Contacta con nosotros!<\/p>\n","protected":false},"excerpt":{"rendered":"<p>\u00a1Atr\u00e1s qued\u00f3 el verano! La llegada del oto\u00f1o trae cambios significativos como la bajada de las temperaturas y la disminuci\u00f3n de horas de luz. Otro efecto del cambio de estaci\u00f3n es la ca\u00edda capilar. De hecho, es posible que est\u00e9s notando una ca\u00edda m\u00e1s acentuada de tu cabello. En principio, no debemos temer nada ya [&hellip;]<\/p>\n","protected":false},"author":1,"featured_media":7282,"comment_status":"open","ping_status":"open","sticky":false,"template":"","format":"standard","meta":{"footnotes":""},"categories":[36],"tags":[220,378,352,377],"class_list":["post-7279","post","type-post","status-publish","format-standard","has-post-thumbnail","hentry","category-cuidado-personal","tag-caida-capilar","tag-caida-capilar-estacional","tag-cuidado-capilar","tag-tratamiento-anticaida"],"featured_image_src":{"landsacpe":["https:\/\/farmaciallueca.com\/farmacia-en-valencia\/wp-content\/uploads\/2024\/09\/farmaciallueca-caida-capilar-1140x445.jpg",1140,445,true],"list":["https:\/\/farmaciallueca.com\/farmacia-en-valencia\/wp-content\/uploads\/2024\/09\/farmaciallueca-caida-capilar-463x348.jpg",463,348,true],"medium":["https:\/\/farmaciallueca.com\/farmacia-en-valencia\/wp-content\/uploads\/2024\/09\/farmaciallueca-caida-capilar-300x200.jpg",300,200,true],"full":["https:\/\/farmaciallueca.com\/farmacia-en-valencia\/wp-content\/uploads\/2024\/09\/farmaciallueca-caida-capilar.jpg",1920,1281,false]},"_links":{"self":[{"href":"https:\/\/farmaciallueca.com\/farmacia-en-valencia\/wp-json\/wp\/v2\/posts\/7279","targetHints":{"allow":["GET"]}}],"collection":[{"href":"https:\/\/farmaciallueca.com\/farmacia-en-valencia\/wp-json\/wp\/v2\/posts"}],"about":[{"href":"https:\/\/farmaciallueca.com\/farmacia-en-valencia\/wp-json\/wp\/v2\/types\/post"}],"author":[{"embeddable":true,"href":"https:\/\/farmaciallueca.com\/farmacia-en-valencia\/wp-json\/wp\/v2\/users\/1"}],"replies":[{"embeddable":true,"href":"https:\/\/farmaciallueca.com\/farmacia-en-valencia\/wp-json\/wp\/v2\/comments?post=7279"}],"version-history":[{"count":2,"href":"https:\/\/farmaciallueca.com\/farmacia-en-valencia\/wp-json\/wp\/v2\/posts\/7279\/revisions"}],"predecessor-version":[{"id":7284,"href":"https:\/\/farmaciallueca.com\/farmacia-en-valencia\/wp-json\/wp\/v2\/posts\/7279\/revisions\/7284"}],"wp:featuredmedia":[{"embeddable":true,"href":"https:\/\/farmaciallueca.com\/farmacia-en-valencia\/wp-json\/wp\/v2\/media\/7282"}],"wp:attachment":[{"href":"https:\/\/farmaciallueca.com\/farmacia-en-valencia\/wp-json\/wp\/v2\/media?parent=7279"}],"wp:term":[{"taxonomy":"category","embeddable":true,"href":"https:\/\/farmaciallueca.com\/farmacia-en-valencia\/wp-json\/wp\/v2\/categories?post=7279"},{"taxonomy":"post_tag","embeddable":true,"href":"https:\/\/farmaciallueca.com\/farmacia-en-valencia\/wp-json\/wp\/v2\/tags?post=7279"}],"curies":[{"name":"wp","href":"https:\/\/api.w.org\/{rel}","templated":true}]}}